{"id":3571,"date":"2023-05-23T16:25:17","date_gmt":"2023-05-23T16:25:17","guid":{"rendered":"https:\/\/duransilvasamano.com\/?p=3571"},"modified":"2023-05-23T16:25:21","modified_gmt":"2023-05-23T16:25:21","slug":"diario-oficial-de-la-federacion-del-dia-23-de-mayo-del-2023","status":"publish","type":"post","link":"https:\/\/duransilvasamano.com\/en\/diario-oficial-de-la-federacion-del-dia-23-de-mayo-del-2023\/","title":{"rendered":"Diario Oficial de la Federaci\u00f3n del d\u00eda 23 de mayo del 2023"},"content":{"rendered":"<figure class=\"wp-block-image size-large\"><img fetchpriority=\"high\" decoding=\"async\" width=\"791\" height=\"1024\" src=\"https:\/\/duransilvasamano.com\/wp-content\/uploads\/2023\/05\/DOF-23-MAYO_Pagina_1-791x1024.jpg\" alt=\"\" class=\"wp-image-3572\" srcset=\"https:\/\/duransilvasamano.com\/wp-content\/uploads\/2023\/05\/DOF-23-MAYO_Pagina_1-791x1024.jpg 791w, https:\/\/duransilvasamano.com\/wp-content\/uploads\/2023\/05\/DOF-23-MAYO_Pagina_1-232x300.jpg 232w, https:\/\/duransilvasamano.com\/wp-content\/uploads\/2023\/05\/DOF-23-MAYO_Pagina_1-768x994.jpg 768w, https:\/\/duransilvasamano.com\/wp-content\/uploads\/2023\/05\/DOF-23-MAYO_Pagina_1-9x12.jpg 9w, https:\/\/duransilvasamano.com\/wp-content\/uploads\/2023\/05\/DOF-23-MAYO_Pagina_1.jpg 816w\" sizes=\"(max-width: 791px) 100vw, 791px\" \/><\/figure>\n\n\n\n<figure class=\"wp-block-image size-large\"><img decoding=\"async\" width=\"791\" height=\"1024\" src=\"https:\/\/duransilvasamano.com\/wp-content\/uploads\/2023\/05\/DOF-23-MAYO_Pagina_2-791x1024.jpg\" alt=\"\" class=\"wp-image-3573\" srcset=\"https:\/\/duransilvasamano.com\/wp-content\/uploads\/2023\/05\/DOF-23-MAYO_Pagina_2-791x1024.jpg 791w, https:\/\/duransilvasamano.com\/wp-content\/uploads\/2023\/05\/DOF-23-MAYO_Pagina_2-232x300.jpg 232w, https:\/\/duransilvasamano.com\/wp-content\/uploads\/2023\/05\/DOF-23-MAYO_Pagina_2-768x994.jpg 768w, https:\/\/duransilvasamano.com\/wp-content\/uploads\/2023\/05\/DOF-23-MAYO_Pagina_2-1187x1536.jpg 1187w, https:\/\/duransilvasamano.com\/wp-content\/uploads\/2023\/05\/DOF-23-MAYO_Pagina_2-1583x2048.jpg 1583w, https:\/\/duransilvasamano.com\/wp-content\/uploads\/2023\/05\/DOF-23-MAYO_Pagina_2-9x12.jpg 9w, https:\/\/duransilvasamano.com\/wp-content\/uploads\/2023\/05\/DOF-23-MAYO_Pagina_2.jpg 1700w\" sizes=\"(max-width: 791px) 100vw, 791px\" \/><\/figure>\n\n\n\n<figure class=\"wp-block-image size-large\"><img decoding=\"async\" width=\"791\" height=\"1024\" src=\"https:\/\/duransilvasamano.com\/wp-content\/uploads\/2023\/05\/DOF-23-MAYO_Pagina_3-791x1024.jpg\" alt=\"\" class=\"wp-image-3574\" srcset=\"https:\/\/duransilvasamano.com\/wp-content\/uploads\/2023\/05\/DOF-23-MAYO_Pagina_3-791x1024.jpg 791w, https:\/\/duransilvasamano.com\/wp-content\/uploads\/2023\/05\/DOF-23-MAYO_Pagina_3-232x300.jpg 232w, https:\/\/duransilvasamano.com\/wp-content\/uploads\/2023\/05\/DOF-23-MAYO_Pagina_3-768x994.jpg 768w, https:\/\/duransilvasamano.com\/wp-content\/uploads\/2023\/05\/DOF-23-MAYO_Pagina_3-1187x1536.jpg 1187w, https:\/\/duransilvasamano.com\/wp-content\/uploads\/2023\/05\/DOF-23-MAYO_Pagina_3-1583x2048.jpg 1583w, https:\/\/duransilvasamano.com\/wp-content\/uploads\/2023\/05\/DOF-23-MAYO_Pagina_3-9x12.jpg 9w, https:\/\/duransilvasamano.com\/wp-content\/uploads\/2023\/05\/DOF-23-MAYO_Pagina_3.jpg 1700w\" sizes=\"(max-width: 791px) 100vw, 791px\" \/><\/figure>\n\n\n\n<figure class=\"wp-block-image size-large\"><img loading=\"lazy\" decoding=\"async\" width=\"791\" height=\"1024\" src=\"https:\/\/duransilvasamano.com\/wp-content\/uploads\/2023\/05\/DOF-23-MAYO_Pagina_4-791x1024.jpg\" alt=\"\" class=\"wp-image-3575\" srcset=\"https:\/\/duransilvasamano.com\/wp-content\/uploads\/2023\/05\/DOF-23-MAYO_Pagina_4-791x1024.jpg 791w, https:\/\/duransilvasamano.com\/wp-content\/uploads\/2023\/05\/DOF-23-MAYO_Pagina_4-232x300.jpg 232w, https:\/\/duransilvasamano.com\/wp-content\/uploads\/2023\/05\/DOF-23-MAYO_Pagina_4-768x994.jpg 768w, https:\/\/duransilvasamano.com\/wp-content\/uploads\/2023\/05\/DOF-23-MAYO_Pagina_4-1187x1536.jpg 1187w, https:\/\/duransilvasamano.com\/wp-content\/uploads\/2023\/05\/DOF-23-MAYO_Pagina_4-1583x2048.jpg 1583w, https:\/\/duransilvasamano.com\/wp-content\/uploads\/2023\/05\/DOF-23-MAYO_Pagina_4-9x12.jpg 9w, https:\/\/duransilvasamano.com\/wp-content\/uploads\/2023\/05\/DOF-23-MAYO_Pagina_4.jpg 1700w\" sizes=\"(max-width: 791px) 100vw, 791px\" \/><\/figure>\n\n\n\n<p><\/p>","protected":false},"excerpt":{"rendered":"","protected":false},"author":2,"featured_media":0,"comment_status":"open","ping_status":"closed","sticky":false,"template":"","format":"standard","meta":{"footnotes":""},"categories":[1],"tags":[],"class_list":["post-3571","post","type-post","status-publish","format-standard","hentry","category-sin-categoria"],"yoast_head":"<!-- This site is optimized with the Yoast SEO plugin v26.5 - https:\/\/yoast.com\/wordpress\/plugins\/seo\/ -->\n<title>Contadores p\u00fablico | \u00a0Duran Silva Samano<\/title>\n<meta name=\"description\" content=\"La especializaci\u00f3n de nuestros directores y colaboradores garantizan el crecimiento y \u00e9xito de nuestra empresa brindando la mejor soluci\u00f3n para cada uno de nuestros clientes\" \/>\n<meta name=\"robots\" content=\"index, follow, max-snippet:-1, max-image-preview:large, max-video-preview:-1\" \/>\n<link rel=\"canonical\" href=\"https:\/\/duransilvasamano.com\/en\/diario-oficial-de-la-federacion-del-dia-23-de-mayo-del-2023\/\" \/>\n<meta property=\"og:locale\" content=\"en_US\" \/>\n<meta property=\"og:type\" content=\"article\" \/>\n<meta property=\"og:title\" content=\"Contadores p\u00fablico | \u00a0Duran Silva Samano\" \/>\n<meta property=\"og:description\" content=\"La especializaci\u00f3n de nuestros directores y colaboradores garantizan el crecimiento y \u00e9xito de nuestra empresa brindando la mejor soluci\u00f3n para cada uno de nuestros clientes\" \/>\n<meta property=\"og:url\" content=\"https:\/\/duransilvasamano.com\/en\/diario-oficial-de-la-federacion-del-dia-23-de-mayo-del-2023\/\" \/>\n<meta property=\"og:site_name\" content=\"Duran Silva Samano\" \/>\n<meta property=\"article:published_time\" content=\"2023-05-23T16:25:17+00:00\" \/>\n<meta property=\"article:modified_time\" content=\"2023-05-23T16:25:21+00:00\" \/>\n<meta property=\"og:image\" content=\"https:\/\/duransilvasamano.com\/wp-content\/uploads\/2023\/05\/DOF-23-MAYO_Pagina_1-791x1024.jpg\" \/>\n<meta name=\"author\" content=\"DuranAdmin\" \/>\n<meta name=\"twitter:card\" content=\"summary_large_image\" \/>\n<meta name=\"twitter:label1\" content=\"Written by\" \/>\n\t<meta name=\"twitter:data1\" content=\"DuranAdmin\" \/>\n<script type=\"application\/ld+json\" class=\"yoast-schema-graph\">{\"@context\":\"https:\/\/schema.org\",\"@graph\":[{\"@type\":\"Article\",\"@id\":\"https:\/\/duransilvasamano.com\/diario-oficial-de-la-federacion-del-dia-23-de-mayo-del-2023\/#article\",\"isPartOf\":{\"@id\":\"https:\/\/duransilvasamano.com\/diario-oficial-de-la-federacion-del-dia-23-de-mayo-del-2023\/\"},\"author\":{\"name\":\"DuranAdmin\",\"@id\":\"https:\/\/duransilvasamano.com\/#\/schema\/person\/5f510d0c223844992a489653dbf80ea6\"},\"headline\":\"Diario Oficial de la Federaci\u00f3n del d\u00eda 23 de mayo del 2023\",\"datePublished\":\"2023-05-23T16:25:17+00:00\",\"dateModified\":\"2023-05-23T16:25:21+00:00\",\"mainEntityOfPage\":{\"@id\":\"https:\/\/duransilvasamano.com\/diario-oficial-de-la-federacion-del-dia-23-de-mayo-del-2023\/\"},\"wordCount\":12,\"commentCount\":0,\"publisher\":{\"@id\":\"https:\/\/duransilvasamano.com\/#organization\"},\"image\":{\"@id\":\"https:\/\/duransilvasamano.com\/diario-oficial-de-la-federacion-del-dia-23-de-mayo-del-2023\/#primaryimage\"},\"thumbnailUrl\":\"https:\/\/duransilvasamano.com\/wp-content\/uploads\/2023\/05\/DOF-23-MAYO_Pagina_1-791x1024.jpg\",\"articleSection\":[\"Sin categor\u00eda\"],\"inLanguage\":\"en-US\",\"potentialAction\":[{\"@type\":\"CommentAction\",\"name\":\"Comment\",\"target\":[\"https:\/\/duransilvasamano.com\/diario-oficial-de-la-federacion-del-dia-23-de-mayo-del-2023\/#respond\"]}]},{\"@type\":\"WebPage\",\"@id\":\"https:\/\/duransilvasamano.com\/diario-oficial-de-la-federacion-del-dia-23-de-mayo-del-2023\/\",\"url\":\"https:\/\/duransilvasamano.com\/diario-oficial-de-la-federacion-del-dia-23-de-mayo-del-2023\/\",\"name\":\"Contadores p\u00fablico | \u00a0Duran Silva Samano\",\"isPartOf\":{\"@id\":\"https:\/\/duransilvasamano.com\/#website\"},\"primaryImageOfPage\":{\"@id\":\"https:\/\/duransilvasamano.com\/diario-oficial-de-la-federacion-del-dia-23-de-mayo-del-2023\/#primaryimage\"},\"image\":{\"@id\":\"https:\/\/duransilvasamano.com\/diario-oficial-de-la-federacion-del-dia-23-de-mayo-del-2023\/#primaryimage\"},\"thumbnailUrl\":\"https:\/\/duransilvasamano.com\/wp-content\/uploads\/2023\/05\/DOF-23-MAYO_Pagina_1-791x1024.jpg\",\"datePublished\":\"2023-05-23T16:25:17+00:00\",\"dateModified\":\"2023-05-23T16:25:21+00:00\",\"description\":\"La especializaci\u00f3n de nuestros directores y colaboradores garantizan el crecimiento y \u00e9xito de nuestra empresa brindando la mejor soluci\u00f3n para cada uno de nuestros clientes\",\"breadcrumb\":{\"@id\":\"https:\/\/duransilvasamano.com\/diario-oficial-de-la-federacion-del-dia-23-de-mayo-del-2023\/#breadcrumb\"},\"inLanguage\":\"en-US\",\"potentialAction\":[{\"@type\":\"ReadAction\",\"target\":[\"https:\/\/duransilvasamano.com\/diario-oficial-de-la-federacion-del-dia-23-de-mayo-del-2023\/\"]}]},{\"@type\":\"ImageObject\",\"inLanguage\":\"en-US\",\"@id\":\"https:\/\/duransilvasamano.com\/diario-oficial-de-la-federacion-del-dia-23-de-mayo-del-2023\/#primaryimage\",\"url\":\"https:\/\/duransilvasamano.com\/wp-content\/uploads\/2023\/05\/DOF-23-MAYO_Pagina_1-791x1024.jpg\",\"contentUrl\":\"https:\/\/duransilvasamano.com\/wp-content\/uploads\/2023\/05\/DOF-23-MAYO_Pagina_1-791x1024.jpg\"},{\"@type\":\"BreadcrumbList\",\"@id\":\"https:\/\/duransilvasamano.com\/diario-oficial-de-la-federacion-del-dia-23-de-mayo-del-2023\/#breadcrumb\",\"itemListElement\":[{\"@type\":\"ListItem\",\"position\":1,\"name\":\"Inicio\",\"item\":\"https:\/\/duransilvasamano.com\/\"},{\"@type\":\"ListItem\",\"position\":2,\"name\":\"Diario Oficial de la Federaci\u00f3n del d\u00eda 23 de mayo del 2023\"}]},{\"@type\":\"WebSite\",\"@id\":\"https:\/\/duransilvasamano.com\/#website\",\"url\":\"https:\/\/duransilvasamano.com\/\",\"name\":\"Duran Silva Samano\",\"description\":\"Contadores p\u00fablicos\",\"publisher\":{\"@id\":\"https:\/\/duransilvasamano.com\/#organization\"},\"potentialAction\":[{\"@type\":\"SearchAction\",\"target\":{\"@type\":\"EntryPoint\",\"urlTemplate\":\"https:\/\/duransilvasamano.com\/?s={search_term_string}\"},\"query-input\":{\"@type\":\"PropertyValueSpecification\",\"valueRequired\":true,\"valueName\":\"search_term_string\"}}],\"inLanguage\":\"en-US\"},{\"@type\":\"Organization\",\"@id\":\"https:\/\/duransilvasamano.com\/#organization\",\"name\":\"Duran Silva Samano\",\"url\":\"https:\/\/duransilvasamano.com\/\",\"logo\":{\"@type\":\"ImageObject\",\"inLanguage\":\"en-US\",\"@id\":\"https:\/\/duransilvasamano.com\/#\/schema\/logo\/image\/\",\"url\":\"https:\/\/duransilvasamano.com\/wp-content\/uploads\/2022\/02\/cropped-duran-silva-samano-2.png\",\"contentUrl\":\"https:\/\/duransilvasamano.com\/wp-content\/uploads\/2022\/02\/cropped-duran-silva-samano-2.png\",\"width\":197,\"height\":75,\"caption\":\"Duran Silva Samano\"},\"image\":{\"@id\":\"https:\/\/duransilvasamano.com\/#\/schema\/logo\/image\/\"}},{\"@type\":\"Person\",\"@id\":\"https:\/\/duransilvasamano.com\/#\/schema\/person\/5f510d0c223844992a489653dbf80ea6\",\"name\":\"DuranAdmin\",\"url\":\"https:\/\/duransilvasamano.com\/en\/author\/duranadmin\/\"}]}<\/script>\n<!-- \/ Yoast SEO plugin. -->","yoast_head_json":{"title":"Contadores p\u00fablico | \u00a0Duran Silva Samano","description":"La especializaci\u00f3n de nuestros directores y colaboradores garantizan el crecimiento y \u00e9xito de nuestra empresa brindando la mejor soluci\u00f3n para cada uno de nuestros clientes","robots":{"index":"index","follow":"follow","max-snippet":"max-snippet:-1","max-image-preview":"max-image-preview:large","max-video-preview":"max-video-preview:-1"},"canonical":"https:\/\/duransilvasamano.com\/en\/diario-oficial-de-la-federacion-del-dia-23-de-mayo-del-2023\/","og_locale":"en_US","og_type":"article","og_title":"Contadores p\u00fablico | \u00a0Duran Silva Samano","og_description":"La especializaci\u00f3n de nuestros directores y colaboradores garantizan el crecimiento y \u00e9xito de nuestra empresa brindando la mejor soluci\u00f3n para cada uno de nuestros clientes","og_url":"https:\/\/duransilvasamano.com\/en\/diario-oficial-de-la-federacion-del-dia-23-de-mayo-del-2023\/","og_site_name":"Duran Silva Samano","article_published_time":"2023-05-23T16:25:17+00:00","article_modified_time":"2023-05-23T16:25:21+00:00","og_image":[{"url":"https:\/\/duransilvasamano.com\/wp-content\/uploads\/2023\/05\/DOF-23-MAYO_Pagina_1-791x1024.jpg","type":"","width":"","height":""}],"author":"DuranAdmin","twitter_card":"summary_large_image","twitter_misc":{"Written by":"DuranAdmin"},"schema":{"@context":"https:\/\/schema.org","@graph":[{"@type":"Article","@id":"https:\/\/duransilvasamano.com\/diario-oficial-de-la-federacion-del-dia-23-de-mayo-del-2023\/#article","isPartOf":{"@id":"https:\/\/duransilvasamano.com\/diario-oficial-de-la-federacion-del-dia-23-de-mayo-del-2023\/"},"author":{"name":"DuranAdmin","@id":"https:\/\/duransilvasamano.com\/#\/schema\/person\/5f510d0c223844992a489653dbf80ea6"},"headline":"Diario Oficial de la Federaci\u00f3n del d\u00eda 23 de mayo del 2023","datePublished":"2023-05-23T16:25:17+00:00","dateModified":"2023-05-23T16:25:21+00:00","mainEntityOfPage":{"@id":"https:\/\/duransilvasamano.com\/diario-oficial-de-la-federacion-del-dia-23-de-mayo-del-2023\/"},"wordCount":12,"commentCount":0,"publisher":{"@id":"https:\/\/duransilvasamano.com\/#organization"},"image":{"@id":"https:\/\/duransilvasamano.com\/diario-oficial-de-la-federacion-del-dia-23-de-mayo-del-2023\/#primaryimage"},"thumbnailUrl":"https:\/\/duransilvasamano.com\/wp-content\/uploads\/2023\/05\/DOF-23-MAYO_Pagina_1-791x1024.jpg","articleSection":["Sin categor\u00eda"],"inLanguage":"en-US","potentialAction":[{"@type":"CommentAction","name":"Comment","target":["https:\/\/duransilvasamano.com\/diario-oficial-de-la-federacion-del-dia-23-de-mayo-del-2023\/#respond"]}]},{"@type":"WebPage","@id":"https:\/\/duransilvasamano.com\/diario-oficial-de-la-federacion-del-dia-23-de-mayo-del-2023\/","url":"https:\/\/duransilvasamano.com\/diario-oficial-de-la-federacion-del-dia-23-de-mayo-del-2023\/","name":"Contadores p\u00fablico | \u00a0Duran Silva Samano","isPartOf":{"@id":"https:\/\/duransilvasamano.com\/#website"},"primaryImageOfPage":{"@id":"https:\/\/duransilvasamano.com\/diario-oficial-de-la-federacion-del-dia-23-de-mayo-del-2023\/#primaryimage"},"image":{"@id":"https:\/\/duransilvasamano.com\/diario-oficial-de-la-federacion-del-dia-23-de-mayo-del-2023\/#primaryimage"},"thumbnailUrl":"https:\/\/duransilvasamano.com\/wp-content\/uploads\/2023\/05\/DOF-23-MAYO_Pagina_1-791x1024.jpg","datePublished":"2023-05-23T16:25:17+00:00","dateModified":"2023-05-23T16:25:21+00:00","description":"La especializaci\u00f3n de nuestros directores y colaboradores garantizan el crecimiento y \u00e9xito de nuestra empresa brindando la mejor soluci\u00f3n para cada uno de nuestros clientes","breadcrumb":{"@id":"https:\/\/duransilvasamano.com\/diario-oficial-de-la-federacion-del-dia-23-de-mayo-del-2023\/#breadcrumb"},"inLanguage":"en-US","potentialAction":[{"@type":"ReadAction","target":["https:\/\/duransilvasamano.com\/diario-oficial-de-la-federacion-del-dia-23-de-mayo-del-2023\/"]}]},{"@type":"ImageObject","inLanguage":"en-US","@id":"https:\/\/duransilvasamano.com\/diario-oficial-de-la-federacion-del-dia-23-de-mayo-del-2023\/#primaryimage","url":"https:\/\/duransilvasamano.com\/wp-content\/uploads\/2023\/05\/DOF-23-MAYO_Pagina_1-791x1024.jpg","contentUrl":"https:\/\/duransilvasamano.com\/wp-content\/uploads\/2023\/05\/DOF-23-MAYO_Pagina_1-791x1024.jpg"},{"@type":"BreadcrumbList","@id":"https:\/\/duransilvasamano.com\/diario-oficial-de-la-federacion-del-dia-23-de-mayo-del-2023\/#breadcrumb","itemListElement":[{"@type":"ListItem","position":1,"name":"Inicio","item":"https:\/\/duransilvasamano.com\/"},{"@type":"ListItem","position":2,"name":"Diario Oficial de la Federaci\u00f3n del d\u00eda 23 de mayo del 2023"}]},{"@type":"WebSite","@id":"https:\/\/duransilvasamano.com\/#website","url":"https:\/\/duransilvasamano.com\/","name":"Duran Silva Samano","description":"Contadores p\u00fablicos","publisher":{"@id":"https:\/\/duransilvasamano.com\/#organization"},"potentialAction":[{"@type":"SearchAction","target":{"@type":"EntryPoint","urlTemplate":"https:\/\/duransilvasamano.com\/?s={search_term_string}"},"query-input":{"@type":"PropertyValueSpecification","valueRequired":true,"valueName":"search_term_string"}}],"inLanguage":"en-US"},{"@type":"Organization","@id":"https:\/\/duransilvasamano.com\/#organization","name":"Duran Silva Samano","url":"https:\/\/duransilvasamano.com\/","logo":{"@type":"ImageObject","inLanguage":"en-US","@id":"https:\/\/duransilvasamano.com\/#\/schema\/logo\/image\/","url":"https:\/\/duransilvasamano.com\/wp-content\/uploads\/2022\/02\/cropped-duran-silva-samano-2.png","contentUrl":"https:\/\/duransilvasamano.com\/wp-content\/uploads\/2022\/02\/cropped-duran-silva-samano-2.png","width":197,"height":75,"caption":"Duran Silva Samano"},"image":{"@id":"https:\/\/duransilvasamano.com\/#\/schema\/logo\/image\/"}},{"@type":"Person","@id":"https:\/\/duransilvasamano.com\/#\/schema\/person\/5f510d0c223844992a489653dbf80ea6","name":"DuranAdmin","url":"https:\/\/duransilvasamano.com\/en\/author\/duranadmin\/"}]}},"_links":{"self":[{"href":"https:\/\/duransilvasamano.com\/en\/wp-json\/wp\/v2\/posts\/3571","targetHints":{"allow":["GET"]}}],"collection":[{"href":"https:\/\/duransilvasamano.com\/en\/wp-json\/wp\/v2\/posts"}],"about":[{"href":"https:\/\/duransilvasamano.com\/en\/wp-json\/wp\/v2\/types\/post"}],"author":[{"embeddable":true,"href":"https:\/\/duransilvasamano.com\/en\/wp-json\/wp\/v2\/users\/2"}],"replies":[{"embeddable":true,"href":"https:\/\/duransilvasamano.com\/en\/wp-json\/wp\/v2\/comments?post=3571"}],"version-history":[{"count":1,"href":"https:\/\/duransilvasamano.com\/en\/wp-json\/wp\/v2\/posts\/3571\/revisions"}],"predecessor-version":[{"id":3576,"href":"https:\/\/duransilvasamano.com\/en\/wp-json\/wp\/v2\/posts\/3571\/revisions\/3576"}],"wp:attachment":[{"href":"https:\/\/duransilvasamano.com\/en\/wp-json\/wp\/v2\/media?parent=3571"}],"wp:term":[{"taxonomy":"category","embeddable":true,"href":"https:\/\/duransilvasamano.com\/en\/wp-json\/wp\/v2\/categories?post=3571"},{"taxonomy":"post_tag","embeddable":true,"href":"https:\/\/duransilvasamano.com\/en\/wp-json\/wp\/v2\/tags?post=3571"}],"curies":[{"name":"wp","href":"https:\/\/api.w.org\/{rel}","templated":true}]}}