{"id":2889,"date":"2022-11-29T17:09:04","date_gmt":"2022-11-29T17:09:04","guid":{"rendered":"https:\/\/duransilvasamano.com\/?p=2889"},"modified":"2022-11-29T17:09:05","modified_gmt":"2022-11-29T17:09:05","slug":"noticias-fiscales-2022-154-shcp-presupuesto-de-egresos-de-la-federacion-para-el-ejercicio-fiscal-2023","status":"publish","type":"post","link":"https:\/\/duransilvasamano.com\/en\/noticias-fiscales-2022-154-shcp-presupuesto-de-egresos-de-la-federacion-para-el-ejercicio-fiscal-2023\/","title":{"rendered":"NOTICIAS-FISCALES-2022-154 SHCP \/ Presupuesto de Egresos de la Federaci\u00f3n para el Ejercicio Fiscal 2023"},"content":{"rendered":"<p>29\/Nov\/2022<\/p>\n\n\n\n<hr class=\"wp-block-separator has-alpha-channel-opacity\"\/>\n\n\n\n<p>La Secretar\u00eda de Hacienda y Cr\u00e9dito P\u00fablico (SHCP), dio a conocer el 28 de noviembre 2022, mediante publicaci\u00f3n vespertina en el Diario Oficial de la Federaci\u00f3n (DOF), el Presupuesto de Egresos de la Federaci\u00f3n para el Ejercicio Fiscal 2023 que contiene entre otros temas los siguientes:<\/p>\n\n\n\n<ol class=\"wp-block-list\">\n<li>Las erogaciones de los ramos aut\u00f3nomos, administrativos y generales.<\/li>\n\n\n\n<li>El gasto corriente estructural.<\/li>\n\n\n\n<li>La incorporaci\u00f3n de los gastos obligatorios.<\/li>\n\n\n\n<li>Los proyectos de inversi\u00f3n en infraestructura.<\/li>\n\n\n\n<li>Las erogaciones correspondientes a los compromisos plurianuales sujetos a disponibilidad presupuestaria.<\/li>\n\n\n\n<li>El monto m\u00e1ximo anual de gasto programable.<\/li>\n<\/ol>\n\n\n\n<p>Descarga el archivo,&nbsp;<a href=\"https:\/\/imcp.org.mx\/wp-content\/uploads\/2022\/11\/NOTICIAS-FISCALES-2022-154.pdf\">aqu\u00ed.<\/a><\/p>\n\n\n\n<p>Descarga el anexo,\u00a0<a href=\"https:\/\/imcp.org.mx\/wp-content\/uploads\/2022\/11\/ANEXO-NOTICIAS-FISCALES-2022-154.pdf\">aqu\u00ed.<\/a><\/p>\n\n\n\n<figure class=\"wp-block-image size-full\"><img decoding=\"async\" width=\"300\" height=\"71\" src=\"https:\/\/duransilvasamano.com\/wp-content\/uploads\/2022\/11\/image-24.png\" alt=\"\" class=\"wp-image-2890\" srcset=\"https:\/\/duransilvasamano.com\/wp-content\/uploads\/2022\/11\/image-24.png 300w, https:\/\/duransilvasamano.com\/wp-content\/uploads\/2022\/11\/image-24-18x4.png 18w\" sizes=\"(max-width: 300px) 100vw, 300px\" \/><\/figure>","protected":false},"excerpt":{"rendered":"<p>29\/Nov\/2022 La Secretar\u00eda de Hacienda y Cr\u00e9dito P\u00fablico (SHCP), dio a conocer el 28 de noviembre 2022, mediante publicaci\u00f3n vespertina en el Diario Oficial de la Federaci\u00f3n (DOF), el Presupuesto de Egresos de la Federaci\u00f3n para el Ejercicio Fiscal 2023 que contiene entre otros temas los siguientes: Descarga el archivo,&nbsp;aqu\u00ed. Descarga el anexo,\u00a0aqu\u00ed.<\/p>","protected":false},"author":2,"featured_media":0,"comment_status":"open","ping_status":"closed","sticky":false,"template":"","format":"standard","meta":{"footnotes":""},"categories":[1],"tags":[],"class_list":["post-2889","post","type-post","status-publish","format-standard","hentry","category-sin-categoria"],"yoast_head":"<!-- This site is optimized with the Yoast SEO plugin v26.5 - https:\/\/yoast.com\/wordpress\/plugins\/seo\/ -->\n<title>Contadores p\u00fablico | \u00a0Duran Silva Samano<\/title>\n<meta name=\"description\" content=\"La especializaci\u00f3n de nuestros directores y colaboradores garantizan el crecimiento y \u00e9xito de nuestra empresa brindando la mejor soluci\u00f3n para cada uno de nuestros clientes\" \/>\n<meta name=\"robots\" content=\"index, follow, max-snippet:-1, max-image-preview:large, max-video-preview:-1\" \/>\n<link rel=\"canonical\" href=\"https:\/\/duransilvasamano.com\/en\/noticias-fiscales-2022-154-shcp-presupuesto-de-egresos-de-la-federacion-para-el-ejercicio-fiscal-2023\/\" \/>\n<meta property=\"og:locale\" content=\"en_US\" \/>\n<meta property=\"og:type\" content=\"article\" \/>\n<meta property=\"og:title\" content=\"Contadores p\u00fablico | \u00a0Duran Silva Samano\" \/>\n<meta property=\"og:description\" content=\"La especializaci\u00f3n de nuestros directores y colaboradores garantizan el crecimiento y \u00e9xito de nuestra empresa brindando la mejor soluci\u00f3n para cada uno de nuestros clientes\" \/>\n<meta property=\"og:url\" content=\"https:\/\/duransilvasamano.com\/en\/noticias-fiscales-2022-154-shcp-presupuesto-de-egresos-de-la-federacion-para-el-ejercicio-fiscal-2023\/\" \/>\n<meta property=\"og:site_name\" content=\"Duran Silva Samano\" \/>\n<meta property=\"article:published_time\" content=\"2022-11-29T17:09:04+00:00\" \/>\n<meta property=\"article:modified_time\" content=\"2022-11-29T17:09:05+00:00\" \/>\n<meta property=\"og:image\" content=\"https:\/\/duransilvasamano.com\/wp-content\/uploads\/2022\/11\/image-24.png\" \/>\n<meta name=\"author\" content=\"DuranAdmin\" \/>\n<meta name=\"twitter:card\" content=\"summary_large_image\" \/>\n<meta name=\"twitter:label1\" content=\"Written by\" \/>\n\t<meta name=\"twitter:data1\" content=\"DuranAdmin\" \/>\n\t<meta name=\"twitter:label2\" content=\"Est. reading time\" \/>\n\t<meta name=\"twitter:data2\" content=\"1 minute\" \/>\n<script type=\"application\/ld+json\" class=\"yoast-schema-graph\">{\"@context\":\"https:\/\/schema.org\",\"@graph\":[{\"@type\":\"Article\",\"@id\":\"https:\/\/duransilvasamano.com\/noticias-fiscales-2022-154-shcp-presupuesto-de-egresos-de-la-federacion-para-el-ejercicio-fiscal-2023\/#article\",\"isPartOf\":{\"@id\":\"https:\/\/duransilvasamano.com\/noticias-fiscales-2022-154-shcp-presupuesto-de-egresos-de-la-federacion-para-el-ejercicio-fiscal-2023\/\"},\"author\":{\"name\":\"DuranAdmin\",\"@id\":\"https:\/\/duransilvasamano.com\/#\/schema\/person\/5f510d0c223844992a489653dbf80ea6\"},\"headline\":\"NOTICIAS-FISCALES-2022-154 SHCP \/ Presupuesto de Egresos de la Federaci\u00f3n para el Ejercicio Fiscal 2023\",\"datePublished\":\"2022-11-29T17:09:04+00:00\",\"dateModified\":\"2022-11-29T17:09:05+00:00\",\"mainEntityOfPage\":{\"@id\":\"https:\/\/duransilvasamano.com\/noticias-fiscales-2022-154-shcp-presupuesto-de-egresos-de-la-federacion-para-el-ejercicio-fiscal-2023\/\"},\"wordCount\":120,\"commentCount\":0,\"publisher\":{\"@id\":\"https:\/\/duransilvasamano.com\/#organization\"},\"image\":{\"@id\":\"https:\/\/duransilvasamano.com\/noticias-fiscales-2022-154-shcp-presupuesto-de-egresos-de-la-federacion-para-el-ejercicio-fiscal-2023\/#primaryimage\"},\"thumbnailUrl\":\"https:\/\/duransilvasamano.com\/wp-content\/uploads\/2022\/11\/image-24.png\",\"articleSection\":[\"Sin categor\u00eda\"],\"inLanguage\":\"en-US\",\"potentialAction\":[{\"@type\":\"CommentAction\",\"name\":\"Comment\",\"target\":[\"https:\/\/duransilvasamano.com\/noticias-fiscales-2022-154-shcp-presupuesto-de-egresos-de-la-federacion-para-el-ejercicio-fiscal-2023\/#respond\"]}]},{\"@type\":\"WebPage\",\"@id\":\"https:\/\/duransilvasamano.com\/noticias-fiscales-2022-154-shcp-presupuesto-de-egresos-de-la-federacion-para-el-ejercicio-fiscal-2023\/\",\"url\":\"https:\/\/duransilvasamano.com\/noticias-fiscales-2022-154-shcp-presupuesto-de-egresos-de-la-federacion-para-el-ejercicio-fiscal-2023\/\",\"name\":\"Contadores p\u00fablico | \u00a0Duran Silva Samano\",\"isPartOf\":{\"@id\":\"https:\/\/duransilvasamano.com\/#website\"},\"primaryImageOfPage\":{\"@id\":\"https:\/\/duransilvasamano.com\/noticias-fiscales-2022-154-shcp-presupuesto-de-egresos-de-la-federacion-para-el-ejercicio-fiscal-2023\/#primaryimage\"},\"image\":{\"@id\":\"https:\/\/duransilvasamano.com\/noticias-fiscales-2022-154-shcp-presupuesto-de-egresos-de-la-federacion-para-el-ejercicio-fiscal-2023\/#primaryimage\"},\"thumbnailUrl\":\"https:\/\/duransilvasamano.com\/wp-content\/uploads\/2022\/11\/image-24.png\",\"datePublished\":\"2022-11-29T17:09:04+00:00\",\"dateModified\":\"2022-11-29T17:09:05+00:00\",\"description\":\"La especializaci\u00f3n de nuestros directores y colaboradores garantizan el crecimiento y \u00e9xito de nuestra empresa brindando la mejor soluci\u00f3n para cada uno de nuestros clientes\",\"breadcrumb\":{\"@id\":\"https:\/\/duransilvasamano.com\/noticias-fiscales-2022-154-shcp-presupuesto-de-egresos-de-la-federacion-para-el-ejercicio-fiscal-2023\/#breadcrumb\"},\"inLanguage\":\"en-US\",\"potentialAction\":[{\"@type\":\"ReadAction\",\"target\":[\"https:\/\/duransilvasamano.com\/noticias-fiscales-2022-154-shcp-presupuesto-de-egresos-de-la-federacion-para-el-ejercicio-fiscal-2023\/\"]}]},{\"@type\":\"ImageObject\",\"inLanguage\":\"en-US\",\"@id\":\"https:\/\/duransilvasamano.com\/noticias-fiscales-2022-154-shcp-presupuesto-de-egresos-de-la-federacion-para-el-ejercicio-fiscal-2023\/#primaryimage\",\"url\":\"https:\/\/duransilvasamano.com\/wp-content\/uploads\/2022\/11\/image-24.png\",\"contentUrl\":\"https:\/\/duransilvasamano.com\/wp-content\/uploads\/2022\/11\/image-24.png\"},{\"@type\":\"BreadcrumbList\",\"@id\":\"https:\/\/duransilvasamano.com\/noticias-fiscales-2022-154-shcp-presupuesto-de-egresos-de-la-federacion-para-el-ejercicio-fiscal-2023\/#breadcrumb\",\"itemListElement\":[{\"@type\":\"ListItem\",\"position\":1,\"name\":\"Inicio\",\"item\":\"https:\/\/duransilvasamano.com\/\"},{\"@type\":\"ListItem\",\"position\":2,\"name\":\"NOTICIAS-FISCALES-2022-154 SHCP \/ Presupuesto de Egresos de la Federaci\u00f3n para el Ejercicio Fiscal 2023\"}]},{\"@type\":\"WebSite\",\"@id\":\"https:\/\/duransilvasamano.com\/#website\",\"url\":\"https:\/\/duransilvasamano.com\/\",\"name\":\"Duran Silva Samano\",\"description\":\"Contadores p\u00fablicos\",\"publisher\":{\"@id\":\"https:\/\/duransilvasamano.com\/#organization\"},\"potentialAction\":[{\"@type\":\"SearchAction\",\"target\":{\"@type\":\"EntryPoint\",\"urlTemplate\":\"https:\/\/duransilvasamano.com\/?s={search_term_string}\"},\"query-input\":{\"@type\":\"PropertyValueSpecification\",\"valueRequired\":true,\"valueName\":\"search_term_string\"}}],\"inLanguage\":\"en-US\"},{\"@type\":\"Organization\",\"@id\":\"https:\/\/duransilvasamano.com\/#organization\",\"name\":\"Duran Silva Samano\",\"url\":\"https:\/\/duransilvasamano.com\/\",\"logo\":{\"@type\":\"ImageObject\",\"inLanguage\":\"en-US\",\"@id\":\"https:\/\/duransilvasamano.com\/#\/schema\/logo\/image\/\",\"url\":\"https:\/\/duransilvasamano.com\/wp-content\/uploads\/2022\/02\/cropped-duran-silva-samano-2.png\",\"contentUrl\":\"https:\/\/duransilvasamano.com\/wp-content\/uploads\/2022\/02\/cropped-duran-silva-samano-2.png\",\"width\":197,\"height\":75,\"caption\":\"Duran Silva Samano\"},\"image\":{\"@id\":\"https:\/\/duransilvasamano.com\/#\/schema\/logo\/image\/\"}},{\"@type\":\"Person\",\"@id\":\"https:\/\/duransilvasamano.com\/#\/schema\/person\/5f510d0c223844992a489653dbf80ea6\",\"name\":\"DuranAdmin\",\"url\":\"https:\/\/duransilvasamano.com\/en\/author\/duranadmin\/\"}]}<\/script>\n<!-- \/ Yoast SEO plugin. -->","yoast_head_json":{"title":"Contadores p\u00fablico | \u00a0Duran Silva Samano","description":"La especializaci\u00f3n de nuestros directores y colaboradores garantizan el crecimiento y \u00e9xito de nuestra empresa brindando la mejor soluci\u00f3n para cada uno de nuestros clientes","robots":{"index":"index","follow":"follow","max-snippet":"max-snippet:-1","max-image-preview":"max-image-preview:large","max-video-preview":"max-video-preview:-1"},"canonical":"https:\/\/duransilvasamano.com\/en\/noticias-fiscales-2022-154-shcp-presupuesto-de-egresos-de-la-federacion-para-el-ejercicio-fiscal-2023\/","og_locale":"en_US","og_type":"article","og_title":"Contadores p\u00fablico | \u00a0Duran Silva Samano","og_description":"La especializaci\u00f3n de nuestros directores y colaboradores garantizan el crecimiento y \u00e9xito de nuestra empresa brindando la mejor soluci\u00f3n para cada uno de nuestros clientes","og_url":"https:\/\/duransilvasamano.com\/en\/noticias-fiscales-2022-154-shcp-presupuesto-de-egresos-de-la-federacion-para-el-ejercicio-fiscal-2023\/","og_site_name":"Duran Silva Samano","article_published_time":"2022-11-29T17:09:04+00:00","article_modified_time":"2022-11-29T17:09:05+00:00","og_image":[{"url":"https:\/\/duransilvasamano.com\/wp-content\/uploads\/2022\/11\/image-24.png","type":"","width":"","height":""}],"author":"DuranAdmin","twitter_card":"summary_large_image","twitter_misc":{"Written by":"DuranAdmin","Est. reading time":"1 minute"},"schema":{"@context":"https:\/\/schema.org","@graph":[{"@type":"Article","@id":"https:\/\/duransilvasamano.com\/noticias-fiscales-2022-154-shcp-presupuesto-de-egresos-de-la-federacion-para-el-ejercicio-fiscal-2023\/#article","isPartOf":{"@id":"https:\/\/duransilvasamano.com\/noticias-fiscales-2022-154-shcp-presupuesto-de-egresos-de-la-federacion-para-el-ejercicio-fiscal-2023\/"},"author":{"name":"DuranAdmin","@id":"https:\/\/duransilvasamano.com\/#\/schema\/person\/5f510d0c223844992a489653dbf80ea6"},"headline":"NOTICIAS-FISCALES-2022-154 SHCP \/ Presupuesto de Egresos de la Federaci\u00f3n para el Ejercicio Fiscal 2023","datePublished":"2022-11-29T17:09:04+00:00","dateModified":"2022-11-29T17:09:05+00:00","mainEntityOfPage":{"@id":"https:\/\/duransilvasamano.com\/noticias-fiscales-2022-154-shcp-presupuesto-de-egresos-de-la-federacion-para-el-ejercicio-fiscal-2023\/"},"wordCount":120,"commentCount":0,"publisher":{"@id":"https:\/\/duransilvasamano.com\/#organization"},"image":{"@id":"https:\/\/duransilvasamano.com\/noticias-fiscales-2022-154-shcp-presupuesto-de-egresos-de-la-federacion-para-el-ejercicio-fiscal-2023\/#primaryimage"},"thumbnailUrl":"https:\/\/duransilvasamano.com\/wp-content\/uploads\/2022\/11\/image-24.png","articleSection":["Sin categor\u00eda"],"inLanguage":"en-US","potentialAction":[{"@type":"CommentAction","name":"Comment","target":["https:\/\/duransilvasamano.com\/noticias-fiscales-2022-154-shcp-presupuesto-de-egresos-de-la-federacion-para-el-ejercicio-fiscal-2023\/#respond"]}]},{"@type":"WebPage","@id":"https:\/\/duransilvasamano.com\/noticias-fiscales-2022-154-shcp-presupuesto-de-egresos-de-la-federacion-para-el-ejercicio-fiscal-2023\/","url":"https:\/\/duransilvasamano.com\/noticias-fiscales-2022-154-shcp-presupuesto-de-egresos-de-la-federacion-para-el-ejercicio-fiscal-2023\/","name":"Contadores p\u00fablico | \u00a0Duran Silva Samano","isPartOf":{"@id":"https:\/\/duransilvasamano.com\/#website"},"primaryImageOfPage":{"@id":"https:\/\/duransilvasamano.com\/noticias-fiscales-2022-154-shcp-presupuesto-de-egresos-de-la-federacion-para-el-ejercicio-fiscal-2023\/#primaryimage"},"image":{"@id":"https:\/\/duransilvasamano.com\/noticias-fiscales-2022-154-shcp-presupuesto-de-egresos-de-la-federacion-para-el-ejercicio-fiscal-2023\/#primaryimage"},"thumbnailUrl":"https:\/\/duransilvasamano.com\/wp-content\/uploads\/2022\/11\/image-24.png","datePublished":"2022-11-29T17:09:04+00:00","dateModified":"2022-11-29T17:09:05+00:00","description":"La especializaci\u00f3n de nuestros directores y colaboradores garantizan el crecimiento y \u00e9xito de nuestra empresa brindando la mejor soluci\u00f3n para cada uno de nuestros clientes","breadcrumb":{"@id":"https:\/\/duransilvasamano.com\/noticias-fiscales-2022-154-shcp-presupuesto-de-egresos-de-la-federacion-para-el-ejercicio-fiscal-2023\/#breadcrumb"},"inLanguage":"en-US","potentialAction":[{"@type":"ReadAction","target":["https:\/\/duransilvasamano.com\/noticias-fiscales-2022-154-shcp-presupuesto-de-egresos-de-la-federacion-para-el-ejercicio-fiscal-2023\/"]}]},{"@type":"ImageObject","inLanguage":"en-US","@id":"https:\/\/duransilvasamano.com\/noticias-fiscales-2022-154-shcp-presupuesto-de-egresos-de-la-federacion-para-el-ejercicio-fiscal-2023\/#primaryimage","url":"https:\/\/duransilvasamano.com\/wp-content\/uploads\/2022\/11\/image-24.png","contentUrl":"https:\/\/duransilvasamano.com\/wp-content\/uploads\/2022\/11\/image-24.png"},{"@type":"BreadcrumbList","@id":"https:\/\/duransilvasamano.com\/noticias-fiscales-2022-154-shcp-presupuesto-de-egresos-de-la-federacion-para-el-ejercicio-fiscal-2023\/#breadcrumb","itemListElement":[{"@type":"ListItem","position":1,"name":"Inicio","item":"https:\/\/duransilvasamano.com\/"},{"@type":"ListItem","position":2,"name":"NOTICIAS-FISCALES-2022-154 SHCP \/ Presupuesto de Egresos de la Federaci\u00f3n para el Ejercicio Fiscal 2023"}]},{"@type":"WebSite","@id":"https:\/\/duransilvasamano.com\/#website","url":"https:\/\/duransilvasamano.com\/","name":"Duran Silva Samano","description":"Contadores p\u00fablicos","publisher":{"@id":"https:\/\/duransilvasamano.com\/#organization"},"potentialAction":[{"@type":"SearchAction","target":{"@type":"EntryPoint","urlTemplate":"https:\/\/duransilvasamano.com\/?s={search_term_string}"},"query-input":{"@type":"PropertyValueSpecification","valueRequired":true,"valueName":"search_term_string"}}],"inLanguage":"en-US"},{"@type":"Organization","@id":"https:\/\/duransilvasamano.com\/#organization","name":"Duran Silva Samano","url":"https:\/\/duransilvasamano.com\/","logo":{"@type":"ImageObject","inLanguage":"en-US","@id":"https:\/\/duransilvasamano.com\/#\/schema\/logo\/image\/","url":"https:\/\/duransilvasamano.com\/wp-content\/uploads\/2022\/02\/cropped-duran-silva-samano-2.png","contentUrl":"https:\/\/duransilvasamano.com\/wp-content\/uploads\/2022\/02\/cropped-duran-silva-samano-2.png","width":197,"height":75,"caption":"Duran Silva Samano"},"image":{"@id":"https:\/\/duransilvasamano.com\/#\/schema\/logo\/image\/"}},{"@type":"Person","@id":"https:\/\/duransilvasamano.com\/#\/schema\/person\/5f510d0c223844992a489653dbf80ea6","name":"DuranAdmin","url":"https:\/\/duransilvasamano.com\/en\/author\/duranadmin\/"}]}},"_links":{"self":[{"href":"https:\/\/duransilvasamano.com\/en\/wp-json\/wp\/v2\/posts\/2889","targetHints":{"allow":["GET"]}}],"collection":[{"href":"https:\/\/duransilvasamano.com\/en\/wp-json\/wp\/v2\/posts"}],"about":[{"href":"https:\/\/duransilvasamano.com\/en\/wp-json\/wp\/v2\/types\/post"}],"author":[{"embeddable":true,"href":"https:\/\/duransilvasamano.com\/en\/wp-json\/wp\/v2\/users\/2"}],"replies":[{"embeddable":true,"href":"https:\/\/duransilvasamano.com\/en\/wp-json\/wp\/v2\/comments?post=2889"}],"version-history":[{"count":1,"href":"https:\/\/duransilvasamano.com\/en\/wp-json\/wp\/v2\/posts\/2889\/revisions"}],"predecessor-version":[{"id":2891,"href":"https:\/\/duransilvasamano.com\/en\/wp-json\/wp\/v2\/posts\/2889\/revisions\/2891"}],"wp:attachment":[{"href":"https:\/\/duransilvasamano.com\/en\/wp-json\/wp\/v2\/media?parent=2889"}],"wp:term":[{"taxonomy":"category","embeddable":true,"href":"https:\/\/duransilvasamano.com\/en\/wp-json\/wp\/v2\/categories?post=2889"},{"taxonomy":"post_tag","embeddable":true,"href":"https:\/\/duransilvasamano.com\/en\/wp-json\/wp\/v2\/tags?post=2889"}],"curies":[{"name":"wp","href":"https:\/\/api.w.org\/{rel}","templated":true}]}}