{"id":2791,"date":"2022-11-03T17:17:19","date_gmt":"2022-11-03T17:17:19","guid":{"rendered":"https:\/\/duransilvasamano.com\/?p=2791"},"modified":"2022-11-03T17:17:20","modified_gmt":"2022-11-03T17:17:20","slug":"noticias-fiscales-2022-132-sat-prorroga-para-la-emision-del-cfdi-de-nomina-en-su-version-y-la-obtencion-de-la-e-firma","status":"publish","type":"post","link":"https:\/\/duransilvasamano.com\/en\/noticias-fiscales-2022-132-sat-prorroga-para-la-emision-del-cfdi-de-nomina-en-su-version-y-la-obtencion-de-la-e-firma\/","title":{"rendered":"NOTICIAS-FISCALES-2022-132 SAT \/ Pr\u00f3rroga para la emisi\u00f3n del CFDI de n\u00f3mina en su versi\u00f3n y la obtenci\u00f3n de la e. firma"},"content":{"rendered":"<p>3\/Nov\/2022<\/p>\n\n\n\n<hr class=\"wp-block-separator has-alpha-channel-opacity\"\/>\n\n\n\n<p>El Servicio de Administraci\u00f3n Tributaria (SAT), inform\u00f3 el 1 de noviembre de 2022 a trav\u00e9s de comunicado de prensa sobre la pr\u00f3rroga para la emisi\u00f3n del CFDI de n\u00f3mina en su versi\u00f3n y la obtenci\u00f3n de la e. firma para contribuyentes del R\u00e9gimen Simplificado de Confianza para personas f\u00edsicas.<\/p>\n\n\n\n<p>Con la finalidad de que los datos que se proporcionen para la emisi\u00f3n del CFDI y aquellos que se encuentran en las bases de datos del SAT sean coincidentes, los contribuyentes obligados a emitir comprobantes fiscales de tipo n\u00f3mina, tendr\u00e1n la opci\u00f3n de realizarlo en su versi\u00f3n 3.3 hasta el 31 de marzo de 2023.<\/p>\n\n\n\n<p>Por otra parte, para los contribuyentes que tributan en el R\u00e9gimen Simplificado de Confianza el SAT ha otorgado la facilidad para obtener la e.firma hasta el 31 de marzo de 2023, sin que esto implique un incumplimiento a las disposiciones fiscales.<\/p>\n\n\n\n<p>Si desea ver el contenido completo, d\u00e9 clic en la siguiente liga:<\/p>\n\n\n\n<p><a href=\"https:\/\/www.gob.mx\/sat\/prensa\/el-sat-informa-sobre-la-prorroga-para-la-emision-del-cfdi-de-nomina-en-su-version-4-0-053-2022?idiom=es\">https:\/\/www.gob.mx\/sat\/prensa\/el-sat-informa-sobre-la-prorroga-para-la-emision-del-cfdi-de-nomina-en-su-version-4-0-053-2022?idiom=es<\/a><\/p>\n\n\n\n<p>Descarga el archivo,\u00a0<a href=\"https:\/\/imcp.org.mx\/wp-content\/uploads\/2022\/11\/NOTICIAS-FISCALES-2022-132.pdf\">aqu\u00ed.<\/a><\/p>\n\n\n\n<figure class=\"wp-block-image size-full\"><img decoding=\"async\" width=\"300\" height=\"71\" src=\"https:\/\/duransilvasamano.com\/wp-content\/uploads\/2022\/11\/image-3.png\" alt=\"\" class=\"wp-image-2792\" srcset=\"https:\/\/duransilvasamano.com\/wp-content\/uploads\/2022\/11\/image-3.png 300w, https:\/\/duransilvasamano.com\/wp-content\/uploads\/2022\/11\/image-3-18x4.png 18w\" sizes=\"(max-width: 300px) 100vw, 300px\" \/><\/figure>","protected":false},"excerpt":{"rendered":"<p>3\/Nov\/2022 El Servicio de Administraci\u00f3n Tributaria (SAT), inform\u00f3 el 1 de noviembre de 2022 a trav\u00e9s de comunicado de prensa sobre la pr\u00f3rroga para la emisi\u00f3n del CFDI de n\u00f3mina en su versi\u00f3n y la obtenci\u00f3n de la e. firma para contribuyentes del R\u00e9gimen Simplificado de Confianza para personas f\u00edsicas. Con la finalidad de que [&hellip;]<\/p>","protected":false},"author":2,"featured_media":0,"comment_status":"open","ping_status":"closed","sticky":false,"template":"","format":"standard","meta":{"footnotes":""},"categories":[1],"tags":[],"class_list":["post-2791","post","type-post","status-publish","format-standard","hentry","category-sin-categoria"],"yoast_head":"<!-- This site is optimized with the Yoast SEO plugin v26.5 - https:\/\/yoast.com\/wordpress\/plugins\/seo\/ -->\n<title>Contadores p\u00fablico | \u00a0Duran Silva Samano<\/title>\n<meta name=\"description\" content=\"La especializaci\u00f3n de nuestros directores y colaboradores garantizan el crecimiento y \u00e9xito de nuestra empresa brindando la mejor soluci\u00f3n para cada uno de nuestros clientes\" \/>\n<meta name=\"robots\" content=\"index, follow, max-snippet:-1, max-image-preview:large, max-video-preview:-1\" \/>\n<link rel=\"canonical\" href=\"https:\/\/duransilvasamano.com\/en\/noticias-fiscales-2022-132-sat-prorroga-para-la-emision-del-cfdi-de-nomina-en-su-version-y-la-obtencion-de-la-e-firma\/\" \/>\n<meta property=\"og:locale\" content=\"en_US\" \/>\n<meta property=\"og:type\" content=\"article\" \/>\n<meta property=\"og:title\" content=\"Contadores p\u00fablico | \u00a0Duran Silva Samano\" \/>\n<meta property=\"og:description\" content=\"La especializaci\u00f3n de nuestros directores y colaboradores garantizan el crecimiento y \u00e9xito de nuestra empresa brindando la mejor soluci\u00f3n para cada uno de nuestros clientes\" \/>\n<meta property=\"og:url\" content=\"https:\/\/duransilvasamano.com\/en\/noticias-fiscales-2022-132-sat-prorroga-para-la-emision-del-cfdi-de-nomina-en-su-version-y-la-obtencion-de-la-e-firma\/\" \/>\n<meta property=\"og:site_name\" content=\"Duran Silva Samano\" \/>\n<meta property=\"article:published_time\" content=\"2022-11-03T17:17:19+00:00\" \/>\n<meta property=\"article:modified_time\" content=\"2022-11-03T17:17:20+00:00\" \/>\n<meta property=\"og:image\" content=\"https:\/\/duransilvasamano.com\/wp-content\/uploads\/2022\/11\/image-3.png\" \/>\n<meta name=\"author\" content=\"DuranAdmin\" \/>\n<meta name=\"twitter:card\" content=\"summary_large_image\" \/>\n<meta name=\"twitter:label1\" content=\"Written by\" \/>\n\t<meta name=\"twitter:data1\" content=\"DuranAdmin\" \/>\n\t<meta name=\"twitter:label2\" content=\"Est. reading time\" \/>\n\t<meta name=\"twitter:data2\" content=\"1 minute\" \/>\n<script type=\"application\/ld+json\" class=\"yoast-schema-graph\">{\"@context\":\"https:\/\/schema.org\",\"@graph\":[{\"@type\":\"Article\",\"@id\":\"https:\/\/duransilvasamano.com\/noticias-fiscales-2022-132-sat-prorroga-para-la-emision-del-cfdi-de-nomina-en-su-version-y-la-obtencion-de-la-e-firma\/#article\",\"isPartOf\":{\"@id\":\"https:\/\/duransilvasamano.com\/noticias-fiscales-2022-132-sat-prorroga-para-la-emision-del-cfdi-de-nomina-en-su-version-y-la-obtencion-de-la-e-firma\/\"},\"author\":{\"name\":\"DuranAdmin\",\"@id\":\"https:\/\/duransilvasamano.com\/#\/schema\/person\/5f510d0c223844992a489653dbf80ea6\"},\"headline\":\"NOTICIAS-FISCALES-2022-132 SAT \/ Pr\u00f3rroga para la emisi\u00f3n del CFDI de n\u00f3mina en su versi\u00f3n y la obtenci\u00f3n de la e. firma\",\"datePublished\":\"2022-11-03T17:17:19+00:00\",\"dateModified\":\"2022-11-03T17:17:20+00:00\",\"mainEntityOfPage\":{\"@id\":\"https:\/\/duransilvasamano.com\/noticias-fiscales-2022-132-sat-prorroga-para-la-emision-del-cfdi-de-nomina-en-su-version-y-la-obtencion-de-la-e-firma\/\"},\"wordCount\":209,\"commentCount\":0,\"publisher\":{\"@id\":\"https:\/\/duransilvasamano.com\/#organization\"},\"image\":{\"@id\":\"https:\/\/duransilvasamano.com\/noticias-fiscales-2022-132-sat-prorroga-para-la-emision-del-cfdi-de-nomina-en-su-version-y-la-obtencion-de-la-e-firma\/#primaryimage\"},\"thumbnailUrl\":\"https:\/\/duransilvasamano.com\/wp-content\/uploads\/2022\/11\/image-3.png\",\"articleSection\":[\"Sin categor\u00eda\"],\"inLanguage\":\"en-US\",\"potentialAction\":[{\"@type\":\"CommentAction\",\"name\":\"Comment\",\"target\":[\"https:\/\/duransilvasamano.com\/noticias-fiscales-2022-132-sat-prorroga-para-la-emision-del-cfdi-de-nomina-en-su-version-y-la-obtencion-de-la-e-firma\/#respond\"]}]},{\"@type\":\"WebPage\",\"@id\":\"https:\/\/duransilvasamano.com\/noticias-fiscales-2022-132-sat-prorroga-para-la-emision-del-cfdi-de-nomina-en-su-version-y-la-obtencion-de-la-e-firma\/\",\"url\":\"https:\/\/duransilvasamano.com\/noticias-fiscales-2022-132-sat-prorroga-para-la-emision-del-cfdi-de-nomina-en-su-version-y-la-obtencion-de-la-e-firma\/\",\"name\":\"Contadores p\u00fablico | \u00a0Duran Silva Samano\",\"isPartOf\":{\"@id\":\"https:\/\/duransilvasamano.com\/#website\"},\"primaryImageOfPage\":{\"@id\":\"https:\/\/duransilvasamano.com\/noticias-fiscales-2022-132-sat-prorroga-para-la-emision-del-cfdi-de-nomina-en-su-version-y-la-obtencion-de-la-e-firma\/#primaryimage\"},\"image\":{\"@id\":\"https:\/\/duransilvasamano.com\/noticias-fiscales-2022-132-sat-prorroga-para-la-emision-del-cfdi-de-nomina-en-su-version-y-la-obtencion-de-la-e-firma\/#primaryimage\"},\"thumbnailUrl\":\"https:\/\/duransilvasamano.com\/wp-content\/uploads\/2022\/11\/image-3.png\",\"datePublished\":\"2022-11-03T17:17:19+00:00\",\"dateModified\":\"2022-11-03T17:17:20+00:00\",\"description\":\"La especializaci\u00f3n de nuestros directores y colaboradores garantizan el crecimiento y \u00e9xito de nuestra empresa brindando la mejor soluci\u00f3n para cada uno de nuestros clientes\",\"breadcrumb\":{\"@id\":\"https:\/\/duransilvasamano.com\/noticias-fiscales-2022-132-sat-prorroga-para-la-emision-del-cfdi-de-nomina-en-su-version-y-la-obtencion-de-la-e-firma\/#breadcrumb\"},\"inLanguage\":\"en-US\",\"potentialAction\":[{\"@type\":\"ReadAction\",\"target\":[\"https:\/\/duransilvasamano.com\/noticias-fiscales-2022-132-sat-prorroga-para-la-emision-del-cfdi-de-nomina-en-su-version-y-la-obtencion-de-la-e-firma\/\"]}]},{\"@type\":\"ImageObject\",\"inLanguage\":\"en-US\",\"@id\":\"https:\/\/duransilvasamano.com\/noticias-fiscales-2022-132-sat-prorroga-para-la-emision-del-cfdi-de-nomina-en-su-version-y-la-obtencion-de-la-e-firma\/#primaryimage\",\"url\":\"https:\/\/duransilvasamano.com\/wp-content\/uploads\/2022\/11\/image-3.png\",\"contentUrl\":\"https:\/\/duransilvasamano.com\/wp-content\/uploads\/2022\/11\/image-3.png\"},{\"@type\":\"BreadcrumbList\",\"@id\":\"https:\/\/duransilvasamano.com\/noticias-fiscales-2022-132-sat-prorroga-para-la-emision-del-cfdi-de-nomina-en-su-version-y-la-obtencion-de-la-e-firma\/#breadcrumb\",\"itemListElement\":[{\"@type\":\"ListItem\",\"position\":1,\"name\":\"Inicio\",\"item\":\"https:\/\/duransilvasamano.com\/\"},{\"@type\":\"ListItem\",\"position\":2,\"name\":\"NOTICIAS-FISCALES-2022-132 SAT \/ Pr\u00f3rroga para la emisi\u00f3n del CFDI de n\u00f3mina en su versi\u00f3n y la obtenci\u00f3n de la e. firma\"}]},{\"@type\":\"WebSite\",\"@id\":\"https:\/\/duransilvasamano.com\/#website\",\"url\":\"https:\/\/duransilvasamano.com\/\",\"name\":\"Duran Silva Samano\",\"description\":\"Contadores p\u00fablicos\",\"publisher\":{\"@id\":\"https:\/\/duransilvasamano.com\/#organization\"},\"potentialAction\":[{\"@type\":\"SearchAction\",\"target\":{\"@type\":\"EntryPoint\",\"urlTemplate\":\"https:\/\/duransilvasamano.com\/?s={search_term_string}\"},\"query-input\":{\"@type\":\"PropertyValueSpecification\",\"valueRequired\":true,\"valueName\":\"search_term_string\"}}],\"inLanguage\":\"en-US\"},{\"@type\":\"Organization\",\"@id\":\"https:\/\/duransilvasamano.com\/#organization\",\"name\":\"Duran Silva Samano\",\"url\":\"https:\/\/duransilvasamano.com\/\",\"logo\":{\"@type\":\"ImageObject\",\"inLanguage\":\"en-US\",\"@id\":\"https:\/\/duransilvasamano.com\/#\/schema\/logo\/image\/\",\"url\":\"https:\/\/duransilvasamano.com\/wp-content\/uploads\/2022\/02\/cropped-duran-silva-samano-2.png\",\"contentUrl\":\"https:\/\/duransilvasamano.com\/wp-content\/uploads\/2022\/02\/cropped-duran-silva-samano-2.png\",\"width\":197,\"height\":75,\"caption\":\"Duran Silva Samano\"},\"image\":{\"@id\":\"https:\/\/duransilvasamano.com\/#\/schema\/logo\/image\/\"}},{\"@type\":\"Person\",\"@id\":\"https:\/\/duransilvasamano.com\/#\/schema\/person\/5f510d0c223844992a489653dbf80ea6\",\"name\":\"DuranAdmin\",\"url\":\"https:\/\/duransilvasamano.com\/en\/author\/duranadmin\/\"}]}<\/script>\n<!-- \/ Yoast SEO plugin. -->","yoast_head_json":{"title":"Contadores p\u00fablico | \u00a0Duran Silva Samano","description":"La especializaci\u00f3n de nuestros directores y colaboradores garantizan el crecimiento y \u00e9xito de nuestra empresa brindando la mejor soluci\u00f3n para cada uno de nuestros clientes","robots":{"index":"index","follow":"follow","max-snippet":"max-snippet:-1","max-image-preview":"max-image-preview:large","max-video-preview":"max-video-preview:-1"},"canonical":"https:\/\/duransilvasamano.com\/en\/noticias-fiscales-2022-132-sat-prorroga-para-la-emision-del-cfdi-de-nomina-en-su-version-y-la-obtencion-de-la-e-firma\/","og_locale":"en_US","og_type":"article","og_title":"Contadores p\u00fablico | \u00a0Duran Silva Samano","og_description":"La especializaci\u00f3n de nuestros directores y colaboradores garantizan el crecimiento y \u00e9xito de nuestra empresa brindando la mejor soluci\u00f3n para cada uno de nuestros clientes","og_url":"https:\/\/duransilvasamano.com\/en\/noticias-fiscales-2022-132-sat-prorroga-para-la-emision-del-cfdi-de-nomina-en-su-version-y-la-obtencion-de-la-e-firma\/","og_site_name":"Duran Silva Samano","article_published_time":"2022-11-03T17:17:19+00:00","article_modified_time":"2022-11-03T17:17:20+00:00","og_image":[{"url":"https:\/\/duransilvasamano.com\/wp-content\/uploads\/2022\/11\/image-3.png","type":"","width":"","height":""}],"author":"DuranAdmin","twitter_card":"summary_large_image","twitter_misc":{"Written by":"DuranAdmin","Est. reading time":"1 minute"},"schema":{"@context":"https:\/\/schema.org","@graph":[{"@type":"Article","@id":"https:\/\/duransilvasamano.com\/noticias-fiscales-2022-132-sat-prorroga-para-la-emision-del-cfdi-de-nomina-en-su-version-y-la-obtencion-de-la-e-firma\/#article","isPartOf":{"@id":"https:\/\/duransilvasamano.com\/noticias-fiscales-2022-132-sat-prorroga-para-la-emision-del-cfdi-de-nomina-en-su-version-y-la-obtencion-de-la-e-firma\/"},"author":{"name":"DuranAdmin","@id":"https:\/\/duransilvasamano.com\/#\/schema\/person\/5f510d0c223844992a489653dbf80ea6"},"headline":"NOTICIAS-FISCALES-2022-132 SAT \/ Pr\u00f3rroga para la emisi\u00f3n del CFDI de n\u00f3mina en su versi\u00f3n y la obtenci\u00f3n de la e. firma","datePublished":"2022-11-03T17:17:19+00:00","dateModified":"2022-11-03T17:17:20+00:00","mainEntityOfPage":{"@id":"https:\/\/duransilvasamano.com\/noticias-fiscales-2022-132-sat-prorroga-para-la-emision-del-cfdi-de-nomina-en-su-version-y-la-obtencion-de-la-e-firma\/"},"wordCount":209,"commentCount":0,"publisher":{"@id":"https:\/\/duransilvasamano.com\/#organization"},"image":{"@id":"https:\/\/duransilvasamano.com\/noticias-fiscales-2022-132-sat-prorroga-para-la-emision-del-cfdi-de-nomina-en-su-version-y-la-obtencion-de-la-e-firma\/#primaryimage"},"thumbnailUrl":"https:\/\/duransilvasamano.com\/wp-content\/uploads\/2022\/11\/image-3.png","articleSection":["Sin categor\u00eda"],"inLanguage":"en-US","potentialAction":[{"@type":"CommentAction","name":"Comment","target":["https:\/\/duransilvasamano.com\/noticias-fiscales-2022-132-sat-prorroga-para-la-emision-del-cfdi-de-nomina-en-su-version-y-la-obtencion-de-la-e-firma\/#respond"]}]},{"@type":"WebPage","@id":"https:\/\/duransilvasamano.com\/noticias-fiscales-2022-132-sat-prorroga-para-la-emision-del-cfdi-de-nomina-en-su-version-y-la-obtencion-de-la-e-firma\/","url":"https:\/\/duransilvasamano.com\/noticias-fiscales-2022-132-sat-prorroga-para-la-emision-del-cfdi-de-nomina-en-su-version-y-la-obtencion-de-la-e-firma\/","name":"Contadores p\u00fablico | \u00a0Duran Silva Samano","isPartOf":{"@id":"https:\/\/duransilvasamano.com\/#website"},"primaryImageOfPage":{"@id":"https:\/\/duransilvasamano.com\/noticias-fiscales-2022-132-sat-prorroga-para-la-emision-del-cfdi-de-nomina-en-su-version-y-la-obtencion-de-la-e-firma\/#primaryimage"},"image":{"@id":"https:\/\/duransilvasamano.com\/noticias-fiscales-2022-132-sat-prorroga-para-la-emision-del-cfdi-de-nomina-en-su-version-y-la-obtencion-de-la-e-firma\/#primaryimage"},"thumbnailUrl":"https:\/\/duransilvasamano.com\/wp-content\/uploads\/2022\/11\/image-3.png","datePublished":"2022-11-03T17:17:19+00:00","dateModified":"2022-11-03T17:17:20+00:00","description":"La especializaci\u00f3n de nuestros directores y colaboradores garantizan el crecimiento y \u00e9xito de nuestra empresa brindando la mejor soluci\u00f3n para cada uno de nuestros clientes","breadcrumb":{"@id":"https:\/\/duransilvasamano.com\/noticias-fiscales-2022-132-sat-prorroga-para-la-emision-del-cfdi-de-nomina-en-su-version-y-la-obtencion-de-la-e-firma\/#breadcrumb"},"inLanguage":"en-US","potentialAction":[{"@type":"ReadAction","target":["https:\/\/duransilvasamano.com\/noticias-fiscales-2022-132-sat-prorroga-para-la-emision-del-cfdi-de-nomina-en-su-version-y-la-obtencion-de-la-e-firma\/"]}]},{"@type":"ImageObject","inLanguage":"en-US","@id":"https:\/\/duransilvasamano.com\/noticias-fiscales-2022-132-sat-prorroga-para-la-emision-del-cfdi-de-nomina-en-su-version-y-la-obtencion-de-la-e-firma\/#primaryimage","url":"https:\/\/duransilvasamano.com\/wp-content\/uploads\/2022\/11\/image-3.png","contentUrl":"https:\/\/duransilvasamano.com\/wp-content\/uploads\/2022\/11\/image-3.png"},{"@type":"BreadcrumbList","@id":"https:\/\/duransilvasamano.com\/noticias-fiscales-2022-132-sat-prorroga-para-la-emision-del-cfdi-de-nomina-en-su-version-y-la-obtencion-de-la-e-firma\/#breadcrumb","itemListElement":[{"@type":"ListItem","position":1,"name":"Inicio","item":"https:\/\/duransilvasamano.com\/"},{"@type":"ListItem","position":2,"name":"NOTICIAS-FISCALES-2022-132 SAT \/ Pr\u00f3rroga para la emisi\u00f3n del CFDI de n\u00f3mina en su versi\u00f3n y la obtenci\u00f3n de la e. firma"}]},{"@type":"WebSite","@id":"https:\/\/duransilvasamano.com\/#website","url":"https:\/\/duransilvasamano.com\/","name":"Duran Silva Samano","description":"Contadores p\u00fablicos","publisher":{"@id":"https:\/\/duransilvasamano.com\/#organization"},"potentialAction":[{"@type":"SearchAction","target":{"@type":"EntryPoint","urlTemplate":"https:\/\/duransilvasamano.com\/?s={search_term_string}"},"query-input":{"@type":"PropertyValueSpecification","valueRequired":true,"valueName":"search_term_string"}}],"inLanguage":"en-US"},{"@type":"Organization","@id":"https:\/\/duransilvasamano.com\/#organization","name":"Duran Silva Samano","url":"https:\/\/duransilvasamano.com\/","logo":{"@type":"ImageObject","inLanguage":"en-US","@id":"https:\/\/duransilvasamano.com\/#\/schema\/logo\/image\/","url":"https:\/\/duransilvasamano.com\/wp-content\/uploads\/2022\/02\/cropped-duran-silva-samano-2.png","contentUrl":"https:\/\/duransilvasamano.com\/wp-content\/uploads\/2022\/02\/cropped-duran-silva-samano-2.png","width":197,"height":75,"caption":"Duran Silva Samano"},"image":{"@id":"https:\/\/duransilvasamano.com\/#\/schema\/logo\/image\/"}},{"@type":"Person","@id":"https:\/\/duransilvasamano.com\/#\/schema\/person\/5f510d0c223844992a489653dbf80ea6","name":"DuranAdmin","url":"https:\/\/duransilvasamano.com\/en\/author\/duranadmin\/"}]}},"_links":{"self":[{"href":"https:\/\/duransilvasamano.com\/en\/wp-json\/wp\/v2\/posts\/2791","targetHints":{"allow":["GET"]}}],"collection":[{"href":"https:\/\/duransilvasamano.com\/en\/wp-json\/wp\/v2\/posts"}],"about":[{"href":"https:\/\/duransilvasamano.com\/en\/wp-json\/wp\/v2\/types\/post"}],"author":[{"embeddable":true,"href":"https:\/\/duransilvasamano.com\/en\/wp-json\/wp\/v2\/users\/2"}],"replies":[{"embeddable":true,"href":"https:\/\/duransilvasamano.com\/en\/wp-json\/wp\/v2\/comments?post=2791"}],"version-history":[{"count":1,"href":"https:\/\/duransilvasamano.com\/en\/wp-json\/wp\/v2\/posts\/2791\/revisions"}],"predecessor-version":[{"id":2793,"href":"https:\/\/duransilvasamano.com\/en\/wp-json\/wp\/v2\/posts\/2791\/revisions\/2793"}],"wp:attachment":[{"href":"https:\/\/duransilvasamano.com\/en\/wp-json\/wp\/v2\/media?parent=2791"}],"wp:term":[{"taxonomy":"category","embeddable":true,"href":"https:\/\/duransilvasamano.com\/en\/wp-json\/wp\/v2\/categories?post=2791"},{"taxonomy":"post_tag","embeddable":true,"href":"https:\/\/duransilvasamano.com\/en\/wp-json\/wp\/v2\/tags?post=2791"}],"curies":[{"name":"wp","href":"https:\/\/api.w.org\/{rel}","templated":true}]}}