{"id":2530,"date":"2022-09-20T15:28:38","date_gmt":"2022-09-20T15:28:38","guid":{"rendered":"https:\/\/duransilvasamano.com\/?p=2530"},"modified":"2022-09-20T15:28:40","modified_gmt":"2022-09-20T15:28:40","slug":"boletin-de-noticias-de-sindicos-2022-19-segunda-reunion-trimestral-2022-con-las-coordinaciones-nacionales-de-sindicos-del-contribuyente","status":"publish","type":"post","link":"https:\/\/duransilvasamano.com\/en\/boletin-de-noticias-de-sindicos-2022-19-segunda-reunion-trimestral-2022-con-las-coordinaciones-nacionales-de-sindicos-del-contribuyente\/","title":{"rendered":"Bolet\u00edn de Noticias de S\u00edndicos 2022 \u2013 19. Segunda Reuni\u00f3n Trimestral 2022 con las Coordinaciones Nacionales de S\u00edndicos del Contribuyente"},"content":{"rendered":"<p>20\/Sep\/2022<\/p>\n\n\n\n<hr class=\"wp-block-separator has-alpha-channel-opacity\"\/>\n\n\n\n<p><strong>Segunda Reuni\u00f3n Trimestral 2022 con las Coordinaciones<br>Nacionales de S\u00edndicos del Contribuyente<\/strong><\/p>\n\n\n\n<p>La minuta emitida por parte del Servicio de Administraci\u00f3n Tributaria ha sido publicada, y contienen los planteamientos enviados por las Coordinaciones Nacionales de S\u00edndicos del Instituto Mexicano de Contadores P\u00fablicos, A.C. (IMCP), la Federaci\u00f3n Nacional de la Asociaci\u00f3n Mexicana de Colegios de Contadores P\u00fablicos, A.C. (FNAMCP), la Confederaci\u00f3n Patronal de la Rep\u00fablica Mexicana (COPARMEX), la Confederaci\u00f3n de C\u00e1maras Industriales (CONCAMIN) y de la Confederaci\u00f3n de C\u00e1maras Nacionales de Comercio, Servicios y Turismo (CONCANACO-SERVYTUR), a trav\u00e9s de correos electr\u00f3nicos recibidos por el SAT los d\u00edas 20 y 23 de mayo&nbsp; de 2022, para la reuni\u00f3n de trabajo de fecha 9 de junio del presente.<\/p>\n\n\n\n<p>Descarga el bolet\u00edn&nbsp;<a href=\"https:\/\/imcp.org.mx\/wp-content\/uploads\/2022\/09\/Boleti%CC%81n-Si%CC%81ndicos_19.pdf\">Bolet\u00edn S\u00edndicos_19.<\/a><\/p>\n\n\n\n<p>Descarga el anexo\u00a0<a href=\"https:\/\/imcp.org.mx\/wp-content\/uploads\/2022\/09\/Anexo-Boleti%CC%81n-Si%CC%81ndicos_19.pdf\">Anexo Bolet\u00edn S\u00edndicos_19<\/a>.<\/p>\n\n\n\n<figure class=\"wp-block-image size-full\"><img decoding=\"async\" width=\"300\" height=\"71\" src=\"https:\/\/duransilvasamano.com\/wp-content\/uploads\/2022\/09\/image-27.png\" alt=\"\" class=\"wp-image-2531\" srcset=\"https:\/\/duransilvasamano.com\/wp-content\/uploads\/2022\/09\/image-27.png 300w, https:\/\/duransilvasamano.com\/wp-content\/uploads\/2022\/09\/image-27-18x4.png 18w\" sizes=\"(max-width: 300px) 100vw, 300px\" \/><\/figure>","protected":false},"excerpt":{"rendered":"<p>20\/Sep\/2022 Segunda Reuni\u00f3n Trimestral 2022 con las CoordinacionesNacionales de S\u00edndicos del Contribuyente La minuta emitida por parte del Servicio de Administraci\u00f3n Tributaria ha sido publicada, y contienen los planteamientos enviados por las Coordinaciones Nacionales de S\u00edndicos del Instituto Mexicano de Contadores P\u00fablicos, A.C. (IMCP), la Federaci\u00f3n Nacional de la Asociaci\u00f3n Mexicana de Colegios de Contadores [&hellip;]<\/p>","protected":false},"author":2,"featured_media":0,"comment_status":"open","ping_status":"closed","sticky":false,"template":"","format":"standard","meta":{"footnotes":""},"categories":[1],"tags":[],"class_list":["post-2530","post","type-post","status-publish","format-standard","hentry","category-sin-categoria"],"yoast_head":"<!-- This site is optimized with the Yoast SEO plugin v26.5 - https:\/\/yoast.com\/wordpress\/plugins\/seo\/ -->\n<title>Contadores p\u00fablico | \u00a0Duran Silva Samano<\/title>\n<meta name=\"description\" content=\"La especializaci\u00f3n de nuestros directores y colaboradores garantizan el crecimiento y \u00e9xito de nuestra empresa brindando la mejor soluci\u00f3n para cada uno de nuestros clientes\" \/>\n<meta name=\"robots\" content=\"index, follow, max-snippet:-1, max-image-preview:large, max-video-preview:-1\" \/>\n<link rel=\"canonical\" href=\"https:\/\/duransilvasamano.com\/en\/boletin-de-noticias-de-sindicos-2022-19-segunda-reunion-trimestral-2022-con-las-coordinaciones-nacionales-de-sindicos-del-contribuyente\/\" \/>\n<meta property=\"og:locale\" content=\"en_US\" \/>\n<meta property=\"og:type\" content=\"article\" \/>\n<meta property=\"og:title\" content=\"Contadores p\u00fablico | \u00a0Duran Silva Samano\" \/>\n<meta property=\"og:description\" content=\"La especializaci\u00f3n de nuestros directores y colaboradores garantizan el crecimiento y \u00e9xito de nuestra empresa brindando la mejor soluci\u00f3n para cada uno de nuestros clientes\" \/>\n<meta property=\"og:url\" content=\"https:\/\/duransilvasamano.com\/en\/boletin-de-noticias-de-sindicos-2022-19-segunda-reunion-trimestral-2022-con-las-coordinaciones-nacionales-de-sindicos-del-contribuyente\/\" \/>\n<meta property=\"og:site_name\" content=\"Duran Silva Samano\" \/>\n<meta property=\"article:published_time\" content=\"2022-09-20T15:28:38+00:00\" \/>\n<meta property=\"article:modified_time\" content=\"2022-09-20T15:28:40+00:00\" \/>\n<meta property=\"og:image\" content=\"https:\/\/duransilvasamano.com\/wp-content\/uploads\/2022\/09\/image-27.png\" \/>\n<meta name=\"author\" content=\"DuranAdmin\" \/>\n<meta name=\"twitter:card\" content=\"summary_large_image\" \/>\n<meta name=\"twitter:label1\" content=\"Written by\" \/>\n\t<meta name=\"twitter:data1\" content=\"DuranAdmin\" \/>\n\t<meta name=\"twitter:label2\" content=\"Est. reading time\" \/>\n\t<meta name=\"twitter:data2\" content=\"1 minute\" \/>\n<script type=\"application\/ld+json\" class=\"yoast-schema-graph\">{\"@context\":\"https:\/\/schema.org\",\"@graph\":[{\"@type\":\"Article\",\"@id\":\"https:\/\/duransilvasamano.com\/boletin-de-noticias-de-sindicos-2022-19-segunda-reunion-trimestral-2022-con-las-coordinaciones-nacionales-de-sindicos-del-contribuyente\/#article\",\"isPartOf\":{\"@id\":\"https:\/\/duransilvasamano.com\/boletin-de-noticias-de-sindicos-2022-19-segunda-reunion-trimestral-2022-con-las-coordinaciones-nacionales-de-sindicos-del-contribuyente\/\"},\"author\":{\"name\":\"DuranAdmin\",\"@id\":\"https:\/\/duransilvasamano.com\/#\/schema\/person\/5f510d0c223844992a489653dbf80ea6\"},\"headline\":\"Bolet\u00edn de Noticias de S\u00edndicos 2022 \u2013 19. Segunda Reuni\u00f3n Trimestral 2022 con las Coordinaciones Nacionales de S\u00edndicos del Contribuyente\",\"datePublished\":\"2022-09-20T15:28:38+00:00\",\"dateModified\":\"2022-09-20T15:28:40+00:00\",\"mainEntityOfPage\":{\"@id\":\"https:\/\/duransilvasamano.com\/boletin-de-noticias-de-sindicos-2022-19-segunda-reunion-trimestral-2022-con-las-coordinaciones-nacionales-de-sindicos-del-contribuyente\/\"},\"wordCount\":168,\"commentCount\":0,\"publisher\":{\"@id\":\"https:\/\/duransilvasamano.com\/#organization\"},\"image\":{\"@id\":\"https:\/\/duransilvasamano.com\/boletin-de-noticias-de-sindicos-2022-19-segunda-reunion-trimestral-2022-con-las-coordinaciones-nacionales-de-sindicos-del-contribuyente\/#primaryimage\"},\"thumbnailUrl\":\"https:\/\/duransilvasamano.com\/wp-content\/uploads\/2022\/09\/image-27.png\",\"articleSection\":[\"Sin categor\u00eda\"],\"inLanguage\":\"en-US\",\"potentialAction\":[{\"@type\":\"CommentAction\",\"name\":\"Comment\",\"target\":[\"https:\/\/duransilvasamano.com\/boletin-de-noticias-de-sindicos-2022-19-segunda-reunion-trimestral-2022-con-las-coordinaciones-nacionales-de-sindicos-del-contribuyente\/#respond\"]}]},{\"@type\":\"WebPage\",\"@id\":\"https:\/\/duransilvasamano.com\/boletin-de-noticias-de-sindicos-2022-19-segunda-reunion-trimestral-2022-con-las-coordinaciones-nacionales-de-sindicos-del-contribuyente\/\",\"url\":\"https:\/\/duransilvasamano.com\/boletin-de-noticias-de-sindicos-2022-19-segunda-reunion-trimestral-2022-con-las-coordinaciones-nacionales-de-sindicos-del-contribuyente\/\",\"name\":\"Contadores p\u00fablico | \u00a0Duran Silva Samano\",\"isPartOf\":{\"@id\":\"https:\/\/duransilvasamano.com\/#website\"},\"primaryImageOfPage\":{\"@id\":\"https:\/\/duransilvasamano.com\/boletin-de-noticias-de-sindicos-2022-19-segunda-reunion-trimestral-2022-con-las-coordinaciones-nacionales-de-sindicos-del-contribuyente\/#primaryimage\"},\"image\":{\"@id\":\"https:\/\/duransilvasamano.com\/boletin-de-noticias-de-sindicos-2022-19-segunda-reunion-trimestral-2022-con-las-coordinaciones-nacionales-de-sindicos-del-contribuyente\/#primaryimage\"},\"thumbnailUrl\":\"https:\/\/duransilvasamano.com\/wp-content\/uploads\/2022\/09\/image-27.png\",\"datePublished\":\"2022-09-20T15:28:38+00:00\",\"dateModified\":\"2022-09-20T15:28:40+00:00\",\"description\":\"La especializaci\u00f3n de nuestros directores y colaboradores garantizan el crecimiento y \u00e9xito de nuestra empresa brindando la mejor soluci\u00f3n para cada uno de nuestros clientes\",\"breadcrumb\":{\"@id\":\"https:\/\/duransilvasamano.com\/boletin-de-noticias-de-sindicos-2022-19-segunda-reunion-trimestral-2022-con-las-coordinaciones-nacionales-de-sindicos-del-contribuyente\/#breadcrumb\"},\"inLanguage\":\"en-US\",\"potentialAction\":[{\"@type\":\"ReadAction\",\"target\":[\"https:\/\/duransilvasamano.com\/boletin-de-noticias-de-sindicos-2022-19-segunda-reunion-trimestral-2022-con-las-coordinaciones-nacionales-de-sindicos-del-contribuyente\/\"]}]},{\"@type\":\"ImageObject\",\"inLanguage\":\"en-US\",\"@id\":\"https:\/\/duransilvasamano.com\/boletin-de-noticias-de-sindicos-2022-19-segunda-reunion-trimestral-2022-con-las-coordinaciones-nacionales-de-sindicos-del-contribuyente\/#primaryimage\",\"url\":\"https:\/\/duransilvasamano.com\/wp-content\/uploads\/2022\/09\/image-27.png\",\"contentUrl\":\"https:\/\/duransilvasamano.com\/wp-content\/uploads\/2022\/09\/image-27.png\"},{\"@type\":\"BreadcrumbList\",\"@id\":\"https:\/\/duransilvasamano.com\/boletin-de-noticias-de-sindicos-2022-19-segunda-reunion-trimestral-2022-con-las-coordinaciones-nacionales-de-sindicos-del-contribuyente\/#breadcrumb\",\"itemListElement\":[{\"@type\":\"ListItem\",\"position\":1,\"name\":\"Inicio\",\"item\":\"https:\/\/duransilvasamano.com\/\"},{\"@type\":\"ListItem\",\"position\":2,\"name\":\"Bolet\u00edn de Noticias de S\u00edndicos 2022 \u2013 19. Segunda Reuni\u00f3n Trimestral 2022 con las Coordinaciones Nacionales de S\u00edndicos del Contribuyente\"}]},{\"@type\":\"WebSite\",\"@id\":\"https:\/\/duransilvasamano.com\/#website\",\"url\":\"https:\/\/duransilvasamano.com\/\",\"name\":\"Duran Silva Samano\",\"description\":\"Contadores p\u00fablicos\",\"publisher\":{\"@id\":\"https:\/\/duransilvasamano.com\/#organization\"},\"potentialAction\":[{\"@type\":\"SearchAction\",\"target\":{\"@type\":\"EntryPoint\",\"urlTemplate\":\"https:\/\/duransilvasamano.com\/?s={search_term_string}\"},\"query-input\":{\"@type\":\"PropertyValueSpecification\",\"valueRequired\":true,\"valueName\":\"search_term_string\"}}],\"inLanguage\":\"en-US\"},{\"@type\":\"Organization\",\"@id\":\"https:\/\/duransilvasamano.com\/#organization\",\"name\":\"Duran Silva Samano\",\"url\":\"https:\/\/duransilvasamano.com\/\",\"logo\":{\"@type\":\"ImageObject\",\"inLanguage\":\"en-US\",\"@id\":\"https:\/\/duransilvasamano.com\/#\/schema\/logo\/image\/\",\"url\":\"https:\/\/duransilvasamano.com\/wp-content\/uploads\/2022\/02\/cropped-duran-silva-samano-2.png\",\"contentUrl\":\"https:\/\/duransilvasamano.com\/wp-content\/uploads\/2022\/02\/cropped-duran-silva-samano-2.png\",\"width\":197,\"height\":75,\"caption\":\"Duran Silva Samano\"},\"image\":{\"@id\":\"https:\/\/duransilvasamano.com\/#\/schema\/logo\/image\/\"}},{\"@type\":\"Person\",\"@id\":\"https:\/\/duransilvasamano.com\/#\/schema\/person\/5f510d0c223844992a489653dbf80ea6\",\"name\":\"DuranAdmin\",\"url\":\"https:\/\/duransilvasamano.com\/en\/author\/duranadmin\/\"}]}<\/script>\n<!-- \/ Yoast SEO plugin. -->","yoast_head_json":{"title":"Contadores p\u00fablico | \u00a0Duran Silva Samano","description":"La especializaci\u00f3n de nuestros directores y colaboradores garantizan el crecimiento y \u00e9xito de nuestra empresa brindando la mejor soluci\u00f3n para cada uno de nuestros clientes","robots":{"index":"index","follow":"follow","max-snippet":"max-snippet:-1","max-image-preview":"max-image-preview:large","max-video-preview":"max-video-preview:-1"},"canonical":"https:\/\/duransilvasamano.com\/en\/boletin-de-noticias-de-sindicos-2022-19-segunda-reunion-trimestral-2022-con-las-coordinaciones-nacionales-de-sindicos-del-contribuyente\/","og_locale":"en_US","og_type":"article","og_title":"Contadores p\u00fablico | \u00a0Duran Silva Samano","og_description":"La especializaci\u00f3n de nuestros directores y colaboradores garantizan el crecimiento y \u00e9xito de nuestra empresa brindando la mejor soluci\u00f3n para cada uno de nuestros clientes","og_url":"https:\/\/duransilvasamano.com\/en\/boletin-de-noticias-de-sindicos-2022-19-segunda-reunion-trimestral-2022-con-las-coordinaciones-nacionales-de-sindicos-del-contribuyente\/","og_site_name":"Duran Silva Samano","article_published_time":"2022-09-20T15:28:38+00:00","article_modified_time":"2022-09-20T15:28:40+00:00","og_image":[{"url":"https:\/\/duransilvasamano.com\/wp-content\/uploads\/2022\/09\/image-27.png","type":"","width":"","height":""}],"author":"DuranAdmin","twitter_card":"summary_large_image","twitter_misc":{"Written by":"DuranAdmin","Est. reading time":"1 minute"},"schema":{"@context":"https:\/\/schema.org","@graph":[{"@type":"Article","@id":"https:\/\/duransilvasamano.com\/boletin-de-noticias-de-sindicos-2022-19-segunda-reunion-trimestral-2022-con-las-coordinaciones-nacionales-de-sindicos-del-contribuyente\/#article","isPartOf":{"@id":"https:\/\/duransilvasamano.com\/boletin-de-noticias-de-sindicos-2022-19-segunda-reunion-trimestral-2022-con-las-coordinaciones-nacionales-de-sindicos-del-contribuyente\/"},"author":{"name":"DuranAdmin","@id":"https:\/\/duransilvasamano.com\/#\/schema\/person\/5f510d0c223844992a489653dbf80ea6"},"headline":"Bolet\u00edn de Noticias de S\u00edndicos 2022 \u2013 19. Segunda Reuni\u00f3n Trimestral 2022 con las Coordinaciones Nacionales de S\u00edndicos del Contribuyente","datePublished":"2022-09-20T15:28:38+00:00","dateModified":"2022-09-20T15:28:40+00:00","mainEntityOfPage":{"@id":"https:\/\/duransilvasamano.com\/boletin-de-noticias-de-sindicos-2022-19-segunda-reunion-trimestral-2022-con-las-coordinaciones-nacionales-de-sindicos-del-contribuyente\/"},"wordCount":168,"commentCount":0,"publisher":{"@id":"https:\/\/duransilvasamano.com\/#organization"},"image":{"@id":"https:\/\/duransilvasamano.com\/boletin-de-noticias-de-sindicos-2022-19-segunda-reunion-trimestral-2022-con-las-coordinaciones-nacionales-de-sindicos-del-contribuyente\/#primaryimage"},"thumbnailUrl":"https:\/\/duransilvasamano.com\/wp-content\/uploads\/2022\/09\/image-27.png","articleSection":["Sin categor\u00eda"],"inLanguage":"en-US","potentialAction":[{"@type":"CommentAction","name":"Comment","target":["https:\/\/duransilvasamano.com\/boletin-de-noticias-de-sindicos-2022-19-segunda-reunion-trimestral-2022-con-las-coordinaciones-nacionales-de-sindicos-del-contribuyente\/#respond"]}]},{"@type":"WebPage","@id":"https:\/\/duransilvasamano.com\/boletin-de-noticias-de-sindicos-2022-19-segunda-reunion-trimestral-2022-con-las-coordinaciones-nacionales-de-sindicos-del-contribuyente\/","url":"https:\/\/duransilvasamano.com\/boletin-de-noticias-de-sindicos-2022-19-segunda-reunion-trimestral-2022-con-las-coordinaciones-nacionales-de-sindicos-del-contribuyente\/","name":"Contadores p\u00fablico | \u00a0Duran Silva Samano","isPartOf":{"@id":"https:\/\/duransilvasamano.com\/#website"},"primaryImageOfPage":{"@id":"https:\/\/duransilvasamano.com\/boletin-de-noticias-de-sindicos-2022-19-segunda-reunion-trimestral-2022-con-las-coordinaciones-nacionales-de-sindicos-del-contribuyente\/#primaryimage"},"image":{"@id":"https:\/\/duransilvasamano.com\/boletin-de-noticias-de-sindicos-2022-19-segunda-reunion-trimestral-2022-con-las-coordinaciones-nacionales-de-sindicos-del-contribuyente\/#primaryimage"},"thumbnailUrl":"https:\/\/duransilvasamano.com\/wp-content\/uploads\/2022\/09\/image-27.png","datePublished":"2022-09-20T15:28:38+00:00","dateModified":"2022-09-20T15:28:40+00:00","description":"La especializaci\u00f3n de nuestros directores y colaboradores garantizan el crecimiento y \u00e9xito de nuestra empresa brindando la mejor soluci\u00f3n para cada uno de nuestros clientes","breadcrumb":{"@id":"https:\/\/duransilvasamano.com\/boletin-de-noticias-de-sindicos-2022-19-segunda-reunion-trimestral-2022-con-las-coordinaciones-nacionales-de-sindicos-del-contribuyente\/#breadcrumb"},"inLanguage":"en-US","potentialAction":[{"@type":"ReadAction","target":["https:\/\/duransilvasamano.com\/boletin-de-noticias-de-sindicos-2022-19-segunda-reunion-trimestral-2022-con-las-coordinaciones-nacionales-de-sindicos-del-contribuyente\/"]}]},{"@type":"ImageObject","inLanguage":"en-US","@id":"https:\/\/duransilvasamano.com\/boletin-de-noticias-de-sindicos-2022-19-segunda-reunion-trimestral-2022-con-las-coordinaciones-nacionales-de-sindicos-del-contribuyente\/#primaryimage","url":"https:\/\/duransilvasamano.com\/wp-content\/uploads\/2022\/09\/image-27.png","contentUrl":"https:\/\/duransilvasamano.com\/wp-content\/uploads\/2022\/09\/image-27.png"},{"@type":"BreadcrumbList","@id":"https:\/\/duransilvasamano.com\/boletin-de-noticias-de-sindicos-2022-19-segunda-reunion-trimestral-2022-con-las-coordinaciones-nacionales-de-sindicos-del-contribuyente\/#breadcrumb","itemListElement":[{"@type":"ListItem","position":1,"name":"Inicio","item":"https:\/\/duransilvasamano.com\/"},{"@type":"ListItem","position":2,"name":"Bolet\u00edn de Noticias de S\u00edndicos 2022 \u2013 19. Segunda Reuni\u00f3n Trimestral 2022 con las Coordinaciones Nacionales de S\u00edndicos del Contribuyente"}]},{"@type":"WebSite","@id":"https:\/\/duransilvasamano.com\/#website","url":"https:\/\/duransilvasamano.com\/","name":"Duran Silva Samano","description":"Contadores p\u00fablicos","publisher":{"@id":"https:\/\/duransilvasamano.com\/#organization"},"potentialAction":[{"@type":"SearchAction","target":{"@type":"EntryPoint","urlTemplate":"https:\/\/duransilvasamano.com\/?s={search_term_string}"},"query-input":{"@type":"PropertyValueSpecification","valueRequired":true,"valueName":"search_term_string"}}],"inLanguage":"en-US"},{"@type":"Organization","@id":"https:\/\/duransilvasamano.com\/#organization","name":"Duran Silva Samano","url":"https:\/\/duransilvasamano.com\/","logo":{"@type":"ImageObject","inLanguage":"en-US","@id":"https:\/\/duransilvasamano.com\/#\/schema\/logo\/image\/","url":"https:\/\/duransilvasamano.com\/wp-content\/uploads\/2022\/02\/cropped-duran-silva-samano-2.png","contentUrl":"https:\/\/duransilvasamano.com\/wp-content\/uploads\/2022\/02\/cropped-duran-silva-samano-2.png","width":197,"height":75,"caption":"Duran Silva Samano"},"image":{"@id":"https:\/\/duransilvasamano.com\/#\/schema\/logo\/image\/"}},{"@type":"Person","@id":"https:\/\/duransilvasamano.com\/#\/schema\/person\/5f510d0c223844992a489653dbf80ea6","name":"DuranAdmin","url":"https:\/\/duransilvasamano.com\/en\/author\/duranadmin\/"}]}},"_links":{"self":[{"href":"https:\/\/duransilvasamano.com\/en\/wp-json\/wp\/v2\/posts\/2530","targetHints":{"allow":["GET"]}}],"collection":[{"href":"https:\/\/duransilvasamano.com\/en\/wp-json\/wp\/v2\/posts"}],"about":[{"href":"https:\/\/duransilvasamano.com\/en\/wp-json\/wp\/v2\/types\/post"}],"author":[{"embeddable":true,"href":"https:\/\/duransilvasamano.com\/en\/wp-json\/wp\/v2\/users\/2"}],"replies":[{"embeddable":true,"href":"https:\/\/duransilvasamano.com\/en\/wp-json\/wp\/v2\/comments?post=2530"}],"version-history":[{"count":1,"href":"https:\/\/duransilvasamano.com\/en\/wp-json\/wp\/v2\/posts\/2530\/revisions"}],"predecessor-version":[{"id":2532,"href":"https:\/\/duransilvasamano.com\/en\/wp-json\/wp\/v2\/posts\/2530\/revisions\/2532"}],"wp:attachment":[{"href":"https:\/\/duransilvasamano.com\/en\/wp-json\/wp\/v2\/media?parent=2530"}],"wp:term":[{"taxonomy":"category","embeddable":true,"href":"https:\/\/duransilvasamano.com\/en\/wp-json\/wp\/v2\/categories?post=2530"},{"taxonomy":"post_tag","embeddable":true,"href":"https:\/\/duransilvasamano.com\/en\/wp-json\/wp\/v2\/tags?post=2530"}],"curies":[{"name":"wp","href":"https:\/\/api.w.org\/{rel}","templated":true}]}}