{"id":2527,"date":"2022-09-20T15:26:15","date_gmt":"2022-09-20T15:26:15","guid":{"rendered":"https:\/\/duransilvasamano.com\/?p=2527"},"modified":"2022-09-20T15:26:17","modified_gmt":"2022-09-20T15:26:17","slug":"septima-resolucion-de-modificaciones-a-la-resolucion-miscelanea-fiscal-para-2022-y-su-anexo-1-a-tramites-fiscales","status":"publish","type":"post","link":"https:\/\/duransilvasamano.com\/en\/septima-resolucion-de-modificaciones-a-la-resolucion-miscelanea-fiscal-para-2022-y-su-anexo-1-a-tramites-fiscales\/","title":{"rendered":"S\u00c9PTIMA Resoluci\u00f3n de Modificaciones a la Resoluci\u00f3n Miscel\u00e1nea Fiscal para 2022 y su Anexo 1-A, Tr\u00e1mites Fiscales."},"content":{"rendered":"<figure class=\"wp-block-image size-large\"><img fetchpriority=\"high\" decoding=\"async\" width=\"1024\" height=\"460\" src=\"https:\/\/duransilvasamano.com\/wp-content\/uploads\/2022\/09\/image-26-1024x460.png\" alt=\"\" class=\"wp-image-2528\" srcset=\"https:\/\/duransilvasamano.com\/wp-content\/uploads\/2022\/09\/image-26-1024x460.png 1024w, https:\/\/duransilvasamano.com\/wp-content\/uploads\/2022\/09\/image-26-300x135.png 300w, https:\/\/duransilvasamano.com\/wp-content\/uploads\/2022\/09\/image-26-768x345.png 768w, https:\/\/duransilvasamano.com\/wp-content\/uploads\/2022\/09\/image-26-18x8.png 18w, https:\/\/duransilvasamano.com\/wp-content\/uploads\/2022\/09\/image-26.png 1201w\" sizes=\"(max-width: 1024px) 100vw, 1024px\" \/><\/figure>\n\n\n\n<p>si desa continuar leyendo de clic en el siguiente enlace: <a href=\"https:\/\/www.sat.gob.mx\/normatividad\/57558\/resolucion-miscelanea-fiscal---rmf\" target=\"_blank\" rel=\"noreferrer noopener\">https:\/\/www.sat.gob.mx\/normatividad\/57558\/resolucion-miscelanea-fiscal&#8212;rmf<\/a><\/p>","protected":false},"excerpt":{"rendered":"<p>si desa continuar leyendo de clic en el siguiente enlace: https:\/\/www.sat.gob.mx\/normatividad\/57558\/resolucion-miscelanea-fiscal&#8212;rmf<\/p>","protected":false},"author":2,"featured_media":0,"comment_status":"open","ping_status":"closed","sticky":false,"template":"","format":"standard","meta":{"footnotes":""},"categories":[1],"tags":[],"class_list":["post-2527","post","type-post","status-publish","format-standard","hentry","category-sin-categoria"],"yoast_head":"<!-- This site is optimized with the Yoast SEO plugin v26.5 - https:\/\/yoast.com\/wordpress\/plugins\/seo\/ -->\n<title>Contadores p\u00fablico | \u00a0Duran Silva Samano<\/title>\n<meta name=\"description\" content=\"La especializaci\u00f3n de nuestros directores y colaboradores garantizan el crecimiento y \u00e9xito de nuestra empresa brindando la mejor soluci\u00f3n para cada uno de nuestros clientes\" \/>\n<meta name=\"robots\" content=\"index, follow, max-snippet:-1, max-image-preview:large, max-video-preview:-1\" \/>\n<link rel=\"canonical\" href=\"https:\/\/duransilvasamano.com\/en\/septima-resolucion-de-modificaciones-a-la-resolucion-miscelanea-fiscal-para-2022-y-su-anexo-1-a-tramites-fiscales\/\" \/>\n<meta property=\"og:locale\" content=\"en_US\" \/>\n<meta property=\"og:type\" content=\"article\" \/>\n<meta property=\"og:title\" content=\"Contadores p\u00fablico | \u00a0Duran Silva Samano\" \/>\n<meta property=\"og:description\" content=\"La especializaci\u00f3n de nuestros directores y colaboradores garantizan el crecimiento y \u00e9xito de nuestra empresa brindando la mejor soluci\u00f3n para cada uno de nuestros clientes\" \/>\n<meta property=\"og:url\" content=\"https:\/\/duransilvasamano.com\/en\/septima-resolucion-de-modificaciones-a-la-resolucion-miscelanea-fiscal-para-2022-y-su-anexo-1-a-tramites-fiscales\/\" \/>\n<meta property=\"og:site_name\" content=\"Duran Silva Samano\" \/>\n<meta property=\"article:published_time\" content=\"2022-09-20T15:26:15+00:00\" \/>\n<meta property=\"article:modified_time\" content=\"2022-09-20T15:26:17+00:00\" \/>\n<meta property=\"og:image\" content=\"https:\/\/duransilvasamano.com\/wp-content\/uploads\/2022\/09\/image-26-1024x460.png\" \/>\n<meta name=\"author\" content=\"DuranAdmin\" \/>\n<meta name=\"twitter:card\" content=\"summary_large_image\" \/>\n<meta name=\"twitter:label1\" content=\"Written by\" \/>\n\t<meta name=\"twitter:data1\" content=\"DuranAdmin\" \/>\n\t<meta name=\"twitter:label2\" content=\"Est. reading time\" \/>\n\t<meta name=\"twitter:data2\" content=\"1 minute\" \/>\n<script type=\"application\/ld+json\" class=\"yoast-schema-graph\">{\"@context\":\"https:\/\/schema.org\",\"@graph\":[{\"@type\":\"Article\",\"@id\":\"https:\/\/duransilvasamano.com\/septima-resolucion-de-modificaciones-a-la-resolucion-miscelanea-fiscal-para-2022-y-su-anexo-1-a-tramites-fiscales\/#article\",\"isPartOf\":{\"@id\":\"https:\/\/duransilvasamano.com\/septima-resolucion-de-modificaciones-a-la-resolucion-miscelanea-fiscal-para-2022-y-su-anexo-1-a-tramites-fiscales\/\"},\"author\":{\"name\":\"DuranAdmin\",\"@id\":\"https:\/\/duransilvasamano.com\/#\/schema\/person\/5f510d0c223844992a489653dbf80ea6\"},\"headline\":\"S\u00c9PTIMA Resoluci\u00f3n de Modificaciones a la Resoluci\u00f3n Miscel\u00e1nea Fiscal para 2022 y su Anexo 1-A, Tr\u00e1mites Fiscales.\",\"datePublished\":\"2022-09-20T15:26:15+00:00\",\"dateModified\":\"2022-09-20T15:26:17+00:00\",\"mainEntityOfPage\":{\"@id\":\"https:\/\/duransilvasamano.com\/septima-resolucion-de-modificaciones-a-la-resolucion-miscelanea-fiscal-para-2022-y-su-anexo-1-a-tramites-fiscales\/\"},\"wordCount\":38,\"commentCount\":0,\"publisher\":{\"@id\":\"https:\/\/duransilvasamano.com\/#organization\"},\"image\":{\"@id\":\"https:\/\/duransilvasamano.com\/septima-resolucion-de-modificaciones-a-la-resolucion-miscelanea-fiscal-para-2022-y-su-anexo-1-a-tramites-fiscales\/#primaryimage\"},\"thumbnailUrl\":\"https:\/\/duransilvasamano.com\/wp-content\/uploads\/2022\/09\/image-26-1024x460.png\",\"articleSection\":[\"Sin categor\u00eda\"],\"inLanguage\":\"en-US\",\"potentialAction\":[{\"@type\":\"CommentAction\",\"name\":\"Comment\",\"target\":[\"https:\/\/duransilvasamano.com\/septima-resolucion-de-modificaciones-a-la-resolucion-miscelanea-fiscal-para-2022-y-su-anexo-1-a-tramites-fiscales\/#respond\"]}]},{\"@type\":\"WebPage\",\"@id\":\"https:\/\/duransilvasamano.com\/septima-resolucion-de-modificaciones-a-la-resolucion-miscelanea-fiscal-para-2022-y-su-anexo-1-a-tramites-fiscales\/\",\"url\":\"https:\/\/duransilvasamano.com\/septima-resolucion-de-modificaciones-a-la-resolucion-miscelanea-fiscal-para-2022-y-su-anexo-1-a-tramites-fiscales\/\",\"name\":\"Contadores p\u00fablico | \u00a0Duran Silva Samano\",\"isPartOf\":{\"@id\":\"https:\/\/duransilvasamano.com\/#website\"},\"primaryImageOfPage\":{\"@id\":\"https:\/\/duransilvasamano.com\/septima-resolucion-de-modificaciones-a-la-resolucion-miscelanea-fiscal-para-2022-y-su-anexo-1-a-tramites-fiscales\/#primaryimage\"},\"image\":{\"@id\":\"https:\/\/duransilvasamano.com\/septima-resolucion-de-modificaciones-a-la-resolucion-miscelanea-fiscal-para-2022-y-su-anexo-1-a-tramites-fiscales\/#primaryimage\"},\"thumbnailUrl\":\"https:\/\/duransilvasamano.com\/wp-content\/uploads\/2022\/09\/image-26-1024x460.png\",\"datePublished\":\"2022-09-20T15:26:15+00:00\",\"dateModified\":\"2022-09-20T15:26:17+00:00\",\"description\":\"La especializaci\u00f3n de nuestros directores y colaboradores garantizan el crecimiento y \u00e9xito de nuestra empresa brindando la mejor soluci\u00f3n para cada uno de nuestros clientes\",\"breadcrumb\":{\"@id\":\"https:\/\/duransilvasamano.com\/septima-resolucion-de-modificaciones-a-la-resolucion-miscelanea-fiscal-para-2022-y-su-anexo-1-a-tramites-fiscales\/#breadcrumb\"},\"inLanguage\":\"en-US\",\"potentialAction\":[{\"@type\":\"ReadAction\",\"target\":[\"https:\/\/duransilvasamano.com\/septima-resolucion-de-modificaciones-a-la-resolucion-miscelanea-fiscal-para-2022-y-su-anexo-1-a-tramites-fiscales\/\"]}]},{\"@type\":\"ImageObject\",\"inLanguage\":\"en-US\",\"@id\":\"https:\/\/duransilvasamano.com\/septima-resolucion-de-modificaciones-a-la-resolucion-miscelanea-fiscal-para-2022-y-su-anexo-1-a-tramites-fiscales\/#primaryimage\",\"url\":\"https:\/\/duransilvasamano.com\/wp-content\/uploads\/2022\/09\/image-26-1024x460.png\",\"contentUrl\":\"https:\/\/duransilvasamano.com\/wp-content\/uploads\/2022\/09\/image-26-1024x460.png\"},{\"@type\":\"BreadcrumbList\",\"@id\":\"https:\/\/duransilvasamano.com\/septima-resolucion-de-modificaciones-a-la-resolucion-miscelanea-fiscal-para-2022-y-su-anexo-1-a-tramites-fiscales\/#breadcrumb\",\"itemListElement\":[{\"@type\":\"ListItem\",\"position\":1,\"name\":\"Inicio\",\"item\":\"https:\/\/duransilvasamano.com\/\"},{\"@type\":\"ListItem\",\"position\":2,\"name\":\"S\u00c9PTIMA Resoluci\u00f3n de Modificaciones a la Resoluci\u00f3n Miscel\u00e1nea Fiscal para 2022 y su Anexo 1-A, Tr\u00e1mites Fiscales.\"}]},{\"@type\":\"WebSite\",\"@id\":\"https:\/\/duransilvasamano.com\/#website\",\"url\":\"https:\/\/duransilvasamano.com\/\",\"name\":\"Duran Silva Samano\",\"description\":\"Contadores p\u00fablicos\",\"publisher\":{\"@id\":\"https:\/\/duransilvasamano.com\/#organization\"},\"potentialAction\":[{\"@type\":\"SearchAction\",\"target\":{\"@type\":\"EntryPoint\",\"urlTemplate\":\"https:\/\/duransilvasamano.com\/?s={search_term_string}\"},\"query-input\":{\"@type\":\"PropertyValueSpecification\",\"valueRequired\":true,\"valueName\":\"search_term_string\"}}],\"inLanguage\":\"en-US\"},{\"@type\":\"Organization\",\"@id\":\"https:\/\/duransilvasamano.com\/#organization\",\"name\":\"Duran Silva Samano\",\"url\":\"https:\/\/duransilvasamano.com\/\",\"logo\":{\"@type\":\"ImageObject\",\"inLanguage\":\"en-US\",\"@id\":\"https:\/\/duransilvasamano.com\/#\/schema\/logo\/image\/\",\"url\":\"https:\/\/duransilvasamano.com\/wp-content\/uploads\/2022\/02\/cropped-duran-silva-samano-2.png\",\"contentUrl\":\"https:\/\/duransilvasamano.com\/wp-content\/uploads\/2022\/02\/cropped-duran-silva-samano-2.png\",\"width\":197,\"height\":75,\"caption\":\"Duran Silva Samano\"},\"image\":{\"@id\":\"https:\/\/duransilvasamano.com\/#\/schema\/logo\/image\/\"}},{\"@type\":\"Person\",\"@id\":\"https:\/\/duransilvasamano.com\/#\/schema\/person\/5f510d0c223844992a489653dbf80ea6\",\"name\":\"DuranAdmin\",\"url\":\"https:\/\/duransilvasamano.com\/en\/author\/duranadmin\/\"}]}<\/script>\n<!-- \/ Yoast SEO plugin. -->","yoast_head_json":{"title":"Contadores p\u00fablico | \u00a0Duran Silva Samano","description":"La especializaci\u00f3n de nuestros directores y colaboradores garantizan el crecimiento y \u00e9xito de nuestra empresa brindando la mejor soluci\u00f3n para cada uno de nuestros clientes","robots":{"index":"index","follow":"follow","max-snippet":"max-snippet:-1","max-image-preview":"max-image-preview:large","max-video-preview":"max-video-preview:-1"},"canonical":"https:\/\/duransilvasamano.com\/en\/septima-resolucion-de-modificaciones-a-la-resolucion-miscelanea-fiscal-para-2022-y-su-anexo-1-a-tramites-fiscales\/","og_locale":"en_US","og_type":"article","og_title":"Contadores p\u00fablico | \u00a0Duran Silva Samano","og_description":"La especializaci\u00f3n de nuestros directores y colaboradores garantizan el crecimiento y \u00e9xito de nuestra empresa brindando la mejor soluci\u00f3n para cada uno de nuestros clientes","og_url":"https:\/\/duransilvasamano.com\/en\/septima-resolucion-de-modificaciones-a-la-resolucion-miscelanea-fiscal-para-2022-y-su-anexo-1-a-tramites-fiscales\/","og_site_name":"Duran Silva Samano","article_published_time":"2022-09-20T15:26:15+00:00","article_modified_time":"2022-09-20T15:26:17+00:00","og_image":[{"url":"https:\/\/duransilvasamano.com\/wp-content\/uploads\/2022\/09\/image-26-1024x460.png","type":"","width":"","height":""}],"author":"DuranAdmin","twitter_card":"summary_large_image","twitter_misc":{"Written by":"DuranAdmin","Est. reading time":"1 minute"},"schema":{"@context":"https:\/\/schema.org","@graph":[{"@type":"Article","@id":"https:\/\/duransilvasamano.com\/septima-resolucion-de-modificaciones-a-la-resolucion-miscelanea-fiscal-para-2022-y-su-anexo-1-a-tramites-fiscales\/#article","isPartOf":{"@id":"https:\/\/duransilvasamano.com\/septima-resolucion-de-modificaciones-a-la-resolucion-miscelanea-fiscal-para-2022-y-su-anexo-1-a-tramites-fiscales\/"},"author":{"name":"DuranAdmin","@id":"https:\/\/duransilvasamano.com\/#\/schema\/person\/5f510d0c223844992a489653dbf80ea6"},"headline":"S\u00c9PTIMA Resoluci\u00f3n de Modificaciones a la Resoluci\u00f3n Miscel\u00e1nea Fiscal para 2022 y su Anexo 1-A, Tr\u00e1mites Fiscales.","datePublished":"2022-09-20T15:26:15+00:00","dateModified":"2022-09-20T15:26:17+00:00","mainEntityOfPage":{"@id":"https:\/\/duransilvasamano.com\/septima-resolucion-de-modificaciones-a-la-resolucion-miscelanea-fiscal-para-2022-y-su-anexo-1-a-tramites-fiscales\/"},"wordCount":38,"commentCount":0,"publisher":{"@id":"https:\/\/duransilvasamano.com\/#organization"},"image":{"@id":"https:\/\/duransilvasamano.com\/septima-resolucion-de-modificaciones-a-la-resolucion-miscelanea-fiscal-para-2022-y-su-anexo-1-a-tramites-fiscales\/#primaryimage"},"thumbnailUrl":"https:\/\/duransilvasamano.com\/wp-content\/uploads\/2022\/09\/image-26-1024x460.png","articleSection":["Sin categor\u00eda"],"inLanguage":"en-US","potentialAction":[{"@type":"CommentAction","name":"Comment","target":["https:\/\/duransilvasamano.com\/septima-resolucion-de-modificaciones-a-la-resolucion-miscelanea-fiscal-para-2022-y-su-anexo-1-a-tramites-fiscales\/#respond"]}]},{"@type":"WebPage","@id":"https:\/\/duransilvasamano.com\/septima-resolucion-de-modificaciones-a-la-resolucion-miscelanea-fiscal-para-2022-y-su-anexo-1-a-tramites-fiscales\/","url":"https:\/\/duransilvasamano.com\/septima-resolucion-de-modificaciones-a-la-resolucion-miscelanea-fiscal-para-2022-y-su-anexo-1-a-tramites-fiscales\/","name":"Contadores p\u00fablico | \u00a0Duran Silva Samano","isPartOf":{"@id":"https:\/\/duransilvasamano.com\/#website"},"primaryImageOfPage":{"@id":"https:\/\/duransilvasamano.com\/septima-resolucion-de-modificaciones-a-la-resolucion-miscelanea-fiscal-para-2022-y-su-anexo-1-a-tramites-fiscales\/#primaryimage"},"image":{"@id":"https:\/\/duransilvasamano.com\/septima-resolucion-de-modificaciones-a-la-resolucion-miscelanea-fiscal-para-2022-y-su-anexo-1-a-tramites-fiscales\/#primaryimage"},"thumbnailUrl":"https:\/\/duransilvasamano.com\/wp-content\/uploads\/2022\/09\/image-26-1024x460.png","datePublished":"2022-09-20T15:26:15+00:00","dateModified":"2022-09-20T15:26:17+00:00","description":"La especializaci\u00f3n de nuestros directores y colaboradores garantizan el crecimiento y \u00e9xito de nuestra empresa brindando la mejor soluci\u00f3n para cada uno de nuestros clientes","breadcrumb":{"@id":"https:\/\/duransilvasamano.com\/septima-resolucion-de-modificaciones-a-la-resolucion-miscelanea-fiscal-para-2022-y-su-anexo-1-a-tramites-fiscales\/#breadcrumb"},"inLanguage":"en-US","potentialAction":[{"@type":"ReadAction","target":["https:\/\/duransilvasamano.com\/septima-resolucion-de-modificaciones-a-la-resolucion-miscelanea-fiscal-para-2022-y-su-anexo-1-a-tramites-fiscales\/"]}]},{"@type":"ImageObject","inLanguage":"en-US","@id":"https:\/\/duransilvasamano.com\/septima-resolucion-de-modificaciones-a-la-resolucion-miscelanea-fiscal-para-2022-y-su-anexo-1-a-tramites-fiscales\/#primaryimage","url":"https:\/\/duransilvasamano.com\/wp-content\/uploads\/2022\/09\/image-26-1024x460.png","contentUrl":"https:\/\/duransilvasamano.com\/wp-content\/uploads\/2022\/09\/image-26-1024x460.png"},{"@type":"BreadcrumbList","@id":"https:\/\/duransilvasamano.com\/septima-resolucion-de-modificaciones-a-la-resolucion-miscelanea-fiscal-para-2022-y-su-anexo-1-a-tramites-fiscales\/#breadcrumb","itemListElement":[{"@type":"ListItem","position":1,"name":"Inicio","item":"https:\/\/duransilvasamano.com\/"},{"@type":"ListItem","position":2,"name":"S\u00c9PTIMA Resoluci\u00f3n de Modificaciones a la Resoluci\u00f3n Miscel\u00e1nea Fiscal para 2022 y su Anexo 1-A, Tr\u00e1mites Fiscales."}]},{"@type":"WebSite","@id":"https:\/\/duransilvasamano.com\/#website","url":"https:\/\/duransilvasamano.com\/","name":"Duran Silva Samano","description":"Contadores p\u00fablicos","publisher":{"@id":"https:\/\/duransilvasamano.com\/#organization"},"potentialAction":[{"@type":"SearchAction","target":{"@type":"EntryPoint","urlTemplate":"https:\/\/duransilvasamano.com\/?s={search_term_string}"},"query-input":{"@type":"PropertyValueSpecification","valueRequired":true,"valueName":"search_term_string"}}],"inLanguage":"en-US"},{"@type":"Organization","@id":"https:\/\/duransilvasamano.com\/#organization","name":"Duran Silva Samano","url":"https:\/\/duransilvasamano.com\/","logo":{"@type":"ImageObject","inLanguage":"en-US","@id":"https:\/\/duransilvasamano.com\/#\/schema\/logo\/image\/","url":"https:\/\/duransilvasamano.com\/wp-content\/uploads\/2022\/02\/cropped-duran-silva-samano-2.png","contentUrl":"https:\/\/duransilvasamano.com\/wp-content\/uploads\/2022\/02\/cropped-duran-silva-samano-2.png","width":197,"height":75,"caption":"Duran Silva Samano"},"image":{"@id":"https:\/\/duransilvasamano.com\/#\/schema\/logo\/image\/"}},{"@type":"Person","@id":"https:\/\/duransilvasamano.com\/#\/schema\/person\/5f510d0c223844992a489653dbf80ea6","name":"DuranAdmin","url":"https:\/\/duransilvasamano.com\/en\/author\/duranadmin\/"}]}},"_links":{"self":[{"href":"https:\/\/duransilvasamano.com\/en\/wp-json\/wp\/v2\/posts\/2527","targetHints":{"allow":["GET"]}}],"collection":[{"href":"https:\/\/duransilvasamano.com\/en\/wp-json\/wp\/v2\/posts"}],"about":[{"href":"https:\/\/duransilvasamano.com\/en\/wp-json\/wp\/v2\/types\/post"}],"author":[{"embeddable":true,"href":"https:\/\/duransilvasamano.com\/en\/wp-json\/wp\/v2\/users\/2"}],"replies":[{"embeddable":true,"href":"https:\/\/duransilvasamano.com\/en\/wp-json\/wp\/v2\/comments?post=2527"}],"version-history":[{"count":1,"href":"https:\/\/duransilvasamano.com\/en\/wp-json\/wp\/v2\/posts\/2527\/revisions"}],"predecessor-version":[{"id":2529,"href":"https:\/\/duransilvasamano.com\/en\/wp-json\/wp\/v2\/posts\/2527\/revisions\/2529"}],"wp:attachment":[{"href":"https:\/\/duransilvasamano.com\/en\/wp-json\/wp\/v2\/media?parent=2527"}],"wp:term":[{"taxonomy":"category","embeddable":true,"href":"https:\/\/duransilvasamano.com\/en\/wp-json\/wp\/v2\/categories?post=2527"},{"taxonomy":"post_tag","embeddable":true,"href":"https:\/\/duransilvasamano.com\/en\/wp-json\/wp\/v2\/tags?post=2527"}],"curies":[{"name":"wp","href":"https:\/\/api.w.org\/{rel}","templated":true}]}}