{"id":2494,"date":"2022-09-14T15:29:08","date_gmt":"2022-09-14T15:29:08","guid":{"rendered":"https:\/\/duransilvasamano.com\/?p=2494"},"modified":"2022-09-14T15:29:11","modified_gmt":"2022-09-14T15:29:11","slug":"oficio-500-05-2022-20076-mediante-el-cual-se-comunica-listado-global-definitivo-en-terminos-del-articulo-69-b-parrafo-cuarto-del-codigo-fiscal-de-la-federacion","status":"publish","type":"post","link":"https:\/\/duransilvasamano.com\/en\/oficio-500-05-2022-20076-mediante-el-cual-se-comunica-listado-global-definitivo-en-terminos-del-articulo-69-b-parrafo-cuarto-del-codigo-fiscal-de-la-federacion\/","title":{"rendered":"OFICIO 500-05-2022-20076 mediante el cual se comunica listado global definitivo en t\u00e9rminos del art\u00edculo 69-B, p\u00e1rrafo cuarto del C\u00f3digo Fiscal de la Federaci\u00f3n."},"content":{"rendered":"<figure class=\"wp-block-image size-large\"><img fetchpriority=\"high\" decoding=\"async\" width=\"724\" height=\"1024\" src=\"https:\/\/duransilvasamano.com\/wp-content\/uploads\/2022\/09\/OFICIO-500-05-2022-20076-listado-global-definitivo-en-terminos-del-articulo-69-B-parrafo-cuarto-del-CFF_Pagina_1-724x1024.jpg\" alt=\"\" class=\"wp-image-2495\" srcset=\"https:\/\/duransilvasamano.com\/wp-content\/uploads\/2022\/09\/OFICIO-500-05-2022-20076-listado-global-definitivo-en-terminos-del-articulo-69-B-parrafo-cuarto-del-CFF_Pagina_1-724x1024.jpg 724w, https:\/\/duransilvasamano.com\/wp-content\/uploads\/2022\/09\/OFICIO-500-05-2022-20076-listado-global-definitivo-en-terminos-del-articulo-69-B-parrafo-cuarto-del-CFF_Pagina_1-212x300.jpg 212w, https:\/\/duransilvasamano.com\/wp-content\/uploads\/2022\/09\/OFICIO-500-05-2022-20076-listado-global-definitivo-en-terminos-del-articulo-69-B-parrafo-cuarto-del-CFF_Pagina_1-768x1086.jpg 768w, https:\/\/duransilvasamano.com\/wp-content\/uploads\/2022\/09\/OFICIO-500-05-2022-20076-listado-global-definitivo-en-terminos-del-articulo-69-B-parrafo-cuarto-del-CFF_Pagina_1-1086x1536.jpg 1086w, https:\/\/duransilvasamano.com\/wp-content\/uploads\/2022\/09\/OFICIO-500-05-2022-20076-listado-global-definitivo-en-terminos-del-articulo-69-B-parrafo-cuarto-del-CFF_Pagina_1-1448x2048.jpg 1448w, https:\/\/duransilvasamano.com\/wp-content\/uploads\/2022\/09\/OFICIO-500-05-2022-20076-listado-global-definitivo-en-terminos-del-articulo-69-B-parrafo-cuarto-del-CFF_Pagina_1-8x12.jpg 8w, https:\/\/duransilvasamano.com\/wp-content\/uploads\/2022\/09\/OFICIO-500-05-2022-20076-listado-global-definitivo-en-terminos-del-articulo-69-B-parrafo-cuarto-del-CFF_Pagina_1.jpg 1654w\" sizes=\"(max-width: 724px) 100vw, 724px\" \/><\/figure>\n\n\n\n<figure class=\"wp-block-image size-large\"><img decoding=\"async\" width=\"724\" height=\"1024\" src=\"https:\/\/duransilvasamano.com\/wp-content\/uploads\/2022\/09\/OFICIO-500-05-2022-20076-listado-global-definitivo-en-terminos-del-articulo-69-B-parrafo-cuarto-del-CFF_Pagina_2-724x1024.jpg\" alt=\"\" class=\"wp-image-2496\" srcset=\"https:\/\/duransilvasamano.com\/wp-content\/uploads\/2022\/09\/OFICIO-500-05-2022-20076-listado-global-definitivo-en-terminos-del-articulo-69-B-parrafo-cuarto-del-CFF_Pagina_2-724x1024.jpg 724w, https:\/\/duransilvasamano.com\/wp-content\/uploads\/2022\/09\/OFICIO-500-05-2022-20076-listado-global-definitivo-en-terminos-del-articulo-69-B-parrafo-cuarto-del-CFF_Pagina_2-212x300.jpg 212w, https:\/\/duransilvasamano.com\/wp-content\/uploads\/2022\/09\/OFICIO-500-05-2022-20076-listado-global-definitivo-en-terminos-del-articulo-69-B-parrafo-cuarto-del-CFF_Pagina_2-768x1086.jpg 768w, https:\/\/duransilvasamano.com\/wp-content\/uploads\/2022\/09\/OFICIO-500-05-2022-20076-listado-global-definitivo-en-terminos-del-articulo-69-B-parrafo-cuarto-del-CFF_Pagina_2-1086x1536.jpg 1086w, https:\/\/duransilvasamano.com\/wp-content\/uploads\/2022\/09\/OFICIO-500-05-2022-20076-listado-global-definitivo-en-terminos-del-articulo-69-B-parrafo-cuarto-del-CFF_Pagina_2-1448x2048.jpg 1448w, https:\/\/duransilvasamano.com\/wp-content\/uploads\/2022\/09\/OFICIO-500-05-2022-20076-listado-global-definitivo-en-terminos-del-articulo-69-B-parrafo-cuarto-del-CFF_Pagina_2-8x12.jpg 8w, https:\/\/duransilvasamano.com\/wp-content\/uploads\/2022\/09\/OFICIO-500-05-2022-20076-listado-global-definitivo-en-terminos-del-articulo-69-B-parrafo-cuarto-del-CFF_Pagina_2.jpg 1654w\" sizes=\"(max-width: 724px) 100vw, 724px\" \/><\/figure>\n\n\n\n<figure class=\"wp-block-image size-large\"><img decoding=\"async\" width=\"724\" height=\"1024\" src=\"https:\/\/duransilvasamano.com\/wp-content\/uploads\/2022\/09\/OFICIO-500-05-2022-20076-listado-global-definitivo-en-terminos-del-articulo-69-B-parrafo-cuarto-del-CFF_Pagina_3-724x1024.jpg\" alt=\"\" class=\"wp-image-2497\" srcset=\"https:\/\/duransilvasamano.com\/wp-content\/uploads\/2022\/09\/OFICIO-500-05-2022-20076-listado-global-definitivo-en-terminos-del-articulo-69-B-parrafo-cuarto-del-CFF_Pagina_3-724x1024.jpg 724w, https:\/\/duransilvasamano.com\/wp-content\/uploads\/2022\/09\/OFICIO-500-05-2022-20076-listado-global-definitivo-en-terminos-del-articulo-69-B-parrafo-cuarto-del-CFF_Pagina_3-212x300.jpg 212w, https:\/\/duransilvasamano.com\/wp-content\/uploads\/2022\/09\/OFICIO-500-05-2022-20076-listado-global-definitivo-en-terminos-del-articulo-69-B-parrafo-cuarto-del-CFF_Pagina_3-768x1086.jpg 768w, https:\/\/duransilvasamano.com\/wp-content\/uploads\/2022\/09\/OFICIO-500-05-2022-20076-listado-global-definitivo-en-terminos-del-articulo-69-B-parrafo-cuarto-del-CFF_Pagina_3-1086x1536.jpg 1086w, https:\/\/duransilvasamano.com\/wp-content\/uploads\/2022\/09\/OFICIO-500-05-2022-20076-listado-global-definitivo-en-terminos-del-articulo-69-B-parrafo-cuarto-del-CFF_Pagina_3-1448x2048.jpg 1448w, https:\/\/duransilvasamano.com\/wp-content\/uploads\/2022\/09\/OFICIO-500-05-2022-20076-listado-global-definitivo-en-terminos-del-articulo-69-B-parrafo-cuarto-del-CFF_Pagina_3-8x12.jpg 8w, https:\/\/duransilvasamano.com\/wp-content\/uploads\/2022\/09\/OFICIO-500-05-2022-20076-listado-global-definitivo-en-terminos-del-articulo-69-B-parrafo-cuarto-del-CFF_Pagina_3.jpg 1654w\" sizes=\"(max-width: 724px) 100vw, 724px\" \/><\/figure>","protected":false},"excerpt":{"rendered":"","protected":false},"author":2,"featured_media":0,"comment_status":"open","ping_status":"closed","sticky":false,"template":"","format":"standard","meta":{"footnotes":""},"categories":[1],"tags":[],"class_list":["post-2494","post","type-post","status-publish","format-standard","hentry","category-sin-categoria"],"yoast_head":"<!-- This site is optimized with the Yoast SEO plugin v26.5 - https:\/\/yoast.com\/wordpress\/plugins\/seo\/ -->\n<title>Contadores p\u00fablico | \u00a0Duran Silva Samano<\/title>\n<meta name=\"description\" content=\"La especializaci\u00f3n de nuestros directores y colaboradores garantizan el crecimiento y \u00e9xito de nuestra empresa brindando la mejor soluci\u00f3n para cada uno de nuestros clientes\" \/>\n<meta name=\"robots\" content=\"index, follow, max-snippet:-1, max-image-preview:large, max-video-preview:-1\" \/>\n<link rel=\"canonical\" href=\"https:\/\/duransilvasamano.com\/en\/oficio-500-05-2022-20076-mediante-el-cual-se-comunica-listado-global-definitivo-en-terminos-del-articulo-69-b-parrafo-cuarto-del-codigo-fiscal-de-la-federacion\/\" \/>\n<meta property=\"og:locale\" content=\"en_US\" \/>\n<meta property=\"og:type\" content=\"article\" \/>\n<meta property=\"og:title\" content=\"Contadores p\u00fablico | \u00a0Duran Silva Samano\" \/>\n<meta property=\"og:description\" content=\"La especializaci\u00f3n de nuestros directores y colaboradores garantizan el crecimiento y \u00e9xito de nuestra empresa brindando la mejor soluci\u00f3n para cada uno de nuestros clientes\" \/>\n<meta property=\"og:url\" content=\"https:\/\/duransilvasamano.com\/en\/oficio-500-05-2022-20076-mediante-el-cual-se-comunica-listado-global-definitivo-en-terminos-del-articulo-69-b-parrafo-cuarto-del-codigo-fiscal-de-la-federacion\/\" \/>\n<meta property=\"og:site_name\" content=\"Duran Silva Samano\" \/>\n<meta property=\"article:published_time\" content=\"2022-09-14T15:29:08+00:00\" \/>\n<meta property=\"article:modified_time\" content=\"2022-09-14T15:29:11+00:00\" \/>\n<meta property=\"og:image\" content=\"https:\/\/duransilvasamano.com\/wp-content\/uploads\/2022\/09\/OFICIO-500-05-2022-20076-listado-global-definitivo-en-terminos-del-articulo-69-B-parrafo-cuarto-del-CFF_Pagina_1-724x1024.jpg\" \/>\n<meta name=\"author\" content=\"DuranAdmin\" \/>\n<meta name=\"twitter:card\" content=\"summary_large_image\" \/>\n<meta name=\"twitter:label1\" content=\"Written by\" \/>\n\t<meta name=\"twitter:data1\" content=\"DuranAdmin\" \/>\n\t<meta name=\"twitter:label2\" content=\"Est. reading time\" \/>\n\t<meta name=\"twitter:data2\" content=\"1 minute\" \/>\n<script type=\"application\/ld+json\" class=\"yoast-schema-graph\">{\"@context\":\"https:\/\/schema.org\",\"@graph\":[{\"@type\":\"Article\",\"@id\":\"https:\/\/duransilvasamano.com\/oficio-500-05-2022-20076-mediante-el-cual-se-comunica-listado-global-definitivo-en-terminos-del-articulo-69-b-parrafo-cuarto-del-codigo-fiscal-de-la-federacion\/#article\",\"isPartOf\":{\"@id\":\"https:\/\/duransilvasamano.com\/oficio-500-05-2022-20076-mediante-el-cual-se-comunica-listado-global-definitivo-en-terminos-del-articulo-69-b-parrafo-cuarto-del-codigo-fiscal-de-la-federacion\/\"},\"author\":{\"name\":\"DuranAdmin\",\"@id\":\"https:\/\/duransilvasamano.com\/#\/schema\/person\/5f510d0c223844992a489653dbf80ea6\"},\"headline\":\"OFICIO 500-05-2022-20076 mediante el cual se comunica listado global definitivo en t\u00e9rminos del art\u00edculo 69-B, p\u00e1rrafo cuarto del C\u00f3digo Fiscal de la Federaci\u00f3n.\",\"datePublished\":\"2022-09-14T15:29:08+00:00\",\"dateModified\":\"2022-09-14T15:29:11+00:00\",\"mainEntityOfPage\":{\"@id\":\"https:\/\/duransilvasamano.com\/oficio-500-05-2022-20076-mediante-el-cual-se-comunica-listado-global-definitivo-en-terminos-del-articulo-69-b-parrafo-cuarto-del-codigo-fiscal-de-la-federacion\/\"},\"wordCount\":30,\"commentCount\":0,\"publisher\":{\"@id\":\"https:\/\/duransilvasamano.com\/#organization\"},\"image\":{\"@id\":\"https:\/\/duransilvasamano.com\/oficio-500-05-2022-20076-mediante-el-cual-se-comunica-listado-global-definitivo-en-terminos-del-articulo-69-b-parrafo-cuarto-del-codigo-fiscal-de-la-federacion\/#primaryimage\"},\"thumbnailUrl\":\"https:\/\/duransilvasamano.com\/wp-content\/uploads\/2022\/09\/OFICIO-500-05-2022-20076-listado-global-definitivo-en-terminos-del-articulo-69-B-parrafo-cuarto-del-CFF_Pagina_1-724x1024.jpg\",\"articleSection\":[\"Sin categor\u00eda\"],\"inLanguage\":\"en-US\",\"potentialAction\":[{\"@type\":\"CommentAction\",\"name\":\"Comment\",\"target\":[\"https:\/\/duransilvasamano.com\/oficio-500-05-2022-20076-mediante-el-cual-se-comunica-listado-global-definitivo-en-terminos-del-articulo-69-b-parrafo-cuarto-del-codigo-fiscal-de-la-federacion\/#respond\"]}]},{\"@type\":\"WebPage\",\"@id\":\"https:\/\/duransilvasamano.com\/oficio-500-05-2022-20076-mediante-el-cual-se-comunica-listado-global-definitivo-en-terminos-del-articulo-69-b-parrafo-cuarto-del-codigo-fiscal-de-la-federacion\/\",\"url\":\"https:\/\/duransilvasamano.com\/oficio-500-05-2022-20076-mediante-el-cual-se-comunica-listado-global-definitivo-en-terminos-del-articulo-69-b-parrafo-cuarto-del-codigo-fiscal-de-la-federacion\/\",\"name\":\"Contadores p\u00fablico | \u00a0Duran Silva Samano\",\"isPartOf\":{\"@id\":\"https:\/\/duransilvasamano.com\/#website\"},\"primaryImageOfPage\":{\"@id\":\"https:\/\/duransilvasamano.com\/oficio-500-05-2022-20076-mediante-el-cual-se-comunica-listado-global-definitivo-en-terminos-del-articulo-69-b-parrafo-cuarto-del-codigo-fiscal-de-la-federacion\/#primaryimage\"},\"image\":{\"@id\":\"https:\/\/duransilvasamano.com\/oficio-500-05-2022-20076-mediante-el-cual-se-comunica-listado-global-definitivo-en-terminos-del-articulo-69-b-parrafo-cuarto-del-codigo-fiscal-de-la-federacion\/#primaryimage\"},\"thumbnailUrl\":\"https:\/\/duransilvasamano.com\/wp-content\/uploads\/2022\/09\/OFICIO-500-05-2022-20076-listado-global-definitivo-en-terminos-del-articulo-69-B-parrafo-cuarto-del-CFF_Pagina_1-724x1024.jpg\",\"datePublished\":\"2022-09-14T15:29:08+00:00\",\"dateModified\":\"2022-09-14T15:29:11+00:00\",\"description\":\"La especializaci\u00f3n de nuestros directores y colaboradores garantizan el crecimiento y \u00e9xito de nuestra empresa brindando la mejor soluci\u00f3n para cada uno de nuestros clientes\",\"breadcrumb\":{\"@id\":\"https:\/\/duransilvasamano.com\/oficio-500-05-2022-20076-mediante-el-cual-se-comunica-listado-global-definitivo-en-terminos-del-articulo-69-b-parrafo-cuarto-del-codigo-fiscal-de-la-federacion\/#breadcrumb\"},\"inLanguage\":\"en-US\",\"potentialAction\":[{\"@type\":\"ReadAction\",\"target\":[\"https:\/\/duransilvasamano.com\/oficio-500-05-2022-20076-mediante-el-cual-se-comunica-listado-global-definitivo-en-terminos-del-articulo-69-b-parrafo-cuarto-del-codigo-fiscal-de-la-federacion\/\"]}]},{\"@type\":\"ImageObject\",\"inLanguage\":\"en-US\",\"@id\":\"https:\/\/duransilvasamano.com\/oficio-500-05-2022-20076-mediante-el-cual-se-comunica-listado-global-definitivo-en-terminos-del-articulo-69-b-parrafo-cuarto-del-codigo-fiscal-de-la-federacion\/#primaryimage\",\"url\":\"https:\/\/duransilvasamano.com\/wp-content\/uploads\/2022\/09\/OFICIO-500-05-2022-20076-listado-global-definitivo-en-terminos-del-articulo-69-B-parrafo-cuarto-del-CFF_Pagina_1-724x1024.jpg\",\"contentUrl\":\"https:\/\/duransilvasamano.com\/wp-content\/uploads\/2022\/09\/OFICIO-500-05-2022-20076-listado-global-definitivo-en-terminos-del-articulo-69-B-parrafo-cuarto-del-CFF_Pagina_1-724x1024.jpg\"},{\"@type\":\"BreadcrumbList\",\"@id\":\"https:\/\/duransilvasamano.com\/oficio-500-05-2022-20076-mediante-el-cual-se-comunica-listado-global-definitivo-en-terminos-del-articulo-69-b-parrafo-cuarto-del-codigo-fiscal-de-la-federacion\/#breadcrumb\",\"itemListElement\":[{\"@type\":\"ListItem\",\"position\":1,\"name\":\"Inicio\",\"item\":\"https:\/\/duransilvasamano.com\/\"},{\"@type\":\"ListItem\",\"position\":2,\"name\":\"OFICIO 500-05-2022-20076 mediante el cual se comunica listado global definitivo en t\u00e9rminos del art\u00edculo 69-B, p\u00e1rrafo cuarto del C\u00f3digo Fiscal de la Federaci\u00f3n.\"}]},{\"@type\":\"WebSite\",\"@id\":\"https:\/\/duransilvasamano.com\/#website\",\"url\":\"https:\/\/duransilvasamano.com\/\",\"name\":\"Duran Silva Samano\",\"description\":\"Contadores p\u00fablicos\",\"publisher\":{\"@id\":\"https:\/\/duransilvasamano.com\/#organization\"},\"potentialAction\":[{\"@type\":\"SearchAction\",\"target\":{\"@type\":\"EntryPoint\",\"urlTemplate\":\"https:\/\/duransilvasamano.com\/?s={search_term_string}\"},\"query-input\":{\"@type\":\"PropertyValueSpecification\",\"valueRequired\":true,\"valueName\":\"search_term_string\"}}],\"inLanguage\":\"en-US\"},{\"@type\":\"Organization\",\"@id\":\"https:\/\/duransilvasamano.com\/#organization\",\"name\":\"Duran Silva Samano\",\"url\":\"https:\/\/duransilvasamano.com\/\",\"logo\":{\"@type\":\"ImageObject\",\"inLanguage\":\"en-US\",\"@id\":\"https:\/\/duransilvasamano.com\/#\/schema\/logo\/image\/\",\"url\":\"https:\/\/duransilvasamano.com\/wp-content\/uploads\/2022\/02\/cropped-duran-silva-samano-2.png\",\"contentUrl\":\"https:\/\/duransilvasamano.com\/wp-content\/uploads\/2022\/02\/cropped-duran-silva-samano-2.png\",\"width\":197,\"height\":75,\"caption\":\"Duran Silva Samano\"},\"image\":{\"@id\":\"https:\/\/duransilvasamano.com\/#\/schema\/logo\/image\/\"}},{\"@type\":\"Person\",\"@id\":\"https:\/\/duransilvasamano.com\/#\/schema\/person\/5f510d0c223844992a489653dbf80ea6\",\"name\":\"DuranAdmin\",\"url\":\"https:\/\/duransilvasamano.com\/en\/author\/duranadmin\/\"}]}<\/script>\n<!-- \/ Yoast SEO plugin. -->","yoast_head_json":{"title":"Contadores p\u00fablico | \u00a0Duran Silva Samano","description":"La especializaci\u00f3n de nuestros directores y colaboradores garantizan el crecimiento y \u00e9xito de nuestra empresa brindando la mejor soluci\u00f3n para cada uno de nuestros clientes","robots":{"index":"index","follow":"follow","max-snippet":"max-snippet:-1","max-image-preview":"max-image-preview:large","max-video-preview":"max-video-preview:-1"},"canonical":"https:\/\/duransilvasamano.com\/en\/oficio-500-05-2022-20076-mediante-el-cual-se-comunica-listado-global-definitivo-en-terminos-del-articulo-69-b-parrafo-cuarto-del-codigo-fiscal-de-la-federacion\/","og_locale":"en_US","og_type":"article","og_title":"Contadores p\u00fablico | \u00a0Duran Silva Samano","og_description":"La especializaci\u00f3n de nuestros directores y colaboradores garantizan el crecimiento y \u00e9xito de nuestra empresa brindando la mejor soluci\u00f3n para cada uno de nuestros clientes","og_url":"https:\/\/duransilvasamano.com\/en\/oficio-500-05-2022-20076-mediante-el-cual-se-comunica-listado-global-definitivo-en-terminos-del-articulo-69-b-parrafo-cuarto-del-codigo-fiscal-de-la-federacion\/","og_site_name":"Duran Silva Samano","article_published_time":"2022-09-14T15:29:08+00:00","article_modified_time":"2022-09-14T15:29:11+00:00","og_image":[{"url":"https:\/\/duransilvasamano.com\/wp-content\/uploads\/2022\/09\/OFICIO-500-05-2022-20076-listado-global-definitivo-en-terminos-del-articulo-69-B-parrafo-cuarto-del-CFF_Pagina_1-724x1024.jpg","type":"","width":"","height":""}],"author":"DuranAdmin","twitter_card":"summary_large_image","twitter_misc":{"Written by":"DuranAdmin","Est. reading time":"1 minute"},"schema":{"@context":"https:\/\/schema.org","@graph":[{"@type":"Article","@id":"https:\/\/duransilvasamano.com\/oficio-500-05-2022-20076-mediante-el-cual-se-comunica-listado-global-definitivo-en-terminos-del-articulo-69-b-parrafo-cuarto-del-codigo-fiscal-de-la-federacion\/#article","isPartOf":{"@id":"https:\/\/duransilvasamano.com\/oficio-500-05-2022-20076-mediante-el-cual-se-comunica-listado-global-definitivo-en-terminos-del-articulo-69-b-parrafo-cuarto-del-codigo-fiscal-de-la-federacion\/"},"author":{"name":"DuranAdmin","@id":"https:\/\/duransilvasamano.com\/#\/schema\/person\/5f510d0c223844992a489653dbf80ea6"},"headline":"OFICIO 500-05-2022-20076 mediante el cual se comunica listado global definitivo en t\u00e9rminos del art\u00edculo 69-B, p\u00e1rrafo cuarto del C\u00f3digo Fiscal de la Federaci\u00f3n.","datePublished":"2022-09-14T15:29:08+00:00","dateModified":"2022-09-14T15:29:11+00:00","mainEntityOfPage":{"@id":"https:\/\/duransilvasamano.com\/oficio-500-05-2022-20076-mediante-el-cual-se-comunica-listado-global-definitivo-en-terminos-del-articulo-69-b-parrafo-cuarto-del-codigo-fiscal-de-la-federacion\/"},"wordCount":30,"commentCount":0,"publisher":{"@id":"https:\/\/duransilvasamano.com\/#organization"},"image":{"@id":"https:\/\/duransilvasamano.com\/oficio-500-05-2022-20076-mediante-el-cual-se-comunica-listado-global-definitivo-en-terminos-del-articulo-69-b-parrafo-cuarto-del-codigo-fiscal-de-la-federacion\/#primaryimage"},"thumbnailUrl":"https:\/\/duransilvasamano.com\/wp-content\/uploads\/2022\/09\/OFICIO-500-05-2022-20076-listado-global-definitivo-en-terminos-del-articulo-69-B-parrafo-cuarto-del-CFF_Pagina_1-724x1024.jpg","articleSection":["Sin categor\u00eda"],"inLanguage":"en-US","potentialAction":[{"@type":"CommentAction","name":"Comment","target":["https:\/\/duransilvasamano.com\/oficio-500-05-2022-20076-mediante-el-cual-se-comunica-listado-global-definitivo-en-terminos-del-articulo-69-b-parrafo-cuarto-del-codigo-fiscal-de-la-federacion\/#respond"]}]},{"@type":"WebPage","@id":"https:\/\/duransilvasamano.com\/oficio-500-05-2022-20076-mediante-el-cual-se-comunica-listado-global-definitivo-en-terminos-del-articulo-69-b-parrafo-cuarto-del-codigo-fiscal-de-la-federacion\/","url":"https:\/\/duransilvasamano.com\/oficio-500-05-2022-20076-mediante-el-cual-se-comunica-listado-global-definitivo-en-terminos-del-articulo-69-b-parrafo-cuarto-del-codigo-fiscal-de-la-federacion\/","name":"Contadores p\u00fablico | \u00a0Duran Silva Samano","isPartOf":{"@id":"https:\/\/duransilvasamano.com\/#website"},"primaryImageOfPage":{"@id":"https:\/\/duransilvasamano.com\/oficio-500-05-2022-20076-mediante-el-cual-se-comunica-listado-global-definitivo-en-terminos-del-articulo-69-b-parrafo-cuarto-del-codigo-fiscal-de-la-federacion\/#primaryimage"},"image":{"@id":"https:\/\/duransilvasamano.com\/oficio-500-05-2022-20076-mediante-el-cual-se-comunica-listado-global-definitivo-en-terminos-del-articulo-69-b-parrafo-cuarto-del-codigo-fiscal-de-la-federacion\/#primaryimage"},"thumbnailUrl":"https:\/\/duransilvasamano.com\/wp-content\/uploads\/2022\/09\/OFICIO-500-05-2022-20076-listado-global-definitivo-en-terminos-del-articulo-69-B-parrafo-cuarto-del-CFF_Pagina_1-724x1024.jpg","datePublished":"2022-09-14T15:29:08+00:00","dateModified":"2022-09-14T15:29:11+00:00","description":"La especializaci\u00f3n de nuestros directores y colaboradores garantizan el crecimiento y \u00e9xito de nuestra empresa brindando la mejor soluci\u00f3n para cada uno de nuestros clientes","breadcrumb":{"@id":"https:\/\/duransilvasamano.com\/oficio-500-05-2022-20076-mediante-el-cual-se-comunica-listado-global-definitivo-en-terminos-del-articulo-69-b-parrafo-cuarto-del-codigo-fiscal-de-la-federacion\/#breadcrumb"},"inLanguage":"en-US","potentialAction":[{"@type":"ReadAction","target":["https:\/\/duransilvasamano.com\/oficio-500-05-2022-20076-mediante-el-cual-se-comunica-listado-global-definitivo-en-terminos-del-articulo-69-b-parrafo-cuarto-del-codigo-fiscal-de-la-federacion\/"]}]},{"@type":"ImageObject","inLanguage":"en-US","@id":"https:\/\/duransilvasamano.com\/oficio-500-05-2022-20076-mediante-el-cual-se-comunica-listado-global-definitivo-en-terminos-del-articulo-69-b-parrafo-cuarto-del-codigo-fiscal-de-la-federacion\/#primaryimage","url":"https:\/\/duransilvasamano.com\/wp-content\/uploads\/2022\/09\/OFICIO-500-05-2022-20076-listado-global-definitivo-en-terminos-del-articulo-69-B-parrafo-cuarto-del-CFF_Pagina_1-724x1024.jpg","contentUrl":"https:\/\/duransilvasamano.com\/wp-content\/uploads\/2022\/09\/OFICIO-500-05-2022-20076-listado-global-definitivo-en-terminos-del-articulo-69-B-parrafo-cuarto-del-CFF_Pagina_1-724x1024.jpg"},{"@type":"BreadcrumbList","@id":"https:\/\/duransilvasamano.com\/oficio-500-05-2022-20076-mediante-el-cual-se-comunica-listado-global-definitivo-en-terminos-del-articulo-69-b-parrafo-cuarto-del-codigo-fiscal-de-la-federacion\/#breadcrumb","itemListElement":[{"@type":"ListItem","position":1,"name":"Inicio","item":"https:\/\/duransilvasamano.com\/"},{"@type":"ListItem","position":2,"name":"OFICIO 500-05-2022-20076 mediante el cual se comunica listado global definitivo en t\u00e9rminos del art\u00edculo 69-B, p\u00e1rrafo cuarto del C\u00f3digo Fiscal de la Federaci\u00f3n."}]},{"@type":"WebSite","@id":"https:\/\/duransilvasamano.com\/#website","url":"https:\/\/duransilvasamano.com\/","name":"Duran Silva Samano","description":"Contadores p\u00fablicos","publisher":{"@id":"https:\/\/duransilvasamano.com\/#organization"},"potentialAction":[{"@type":"SearchAction","target":{"@type":"EntryPoint","urlTemplate":"https:\/\/duransilvasamano.com\/?s={search_term_string}"},"query-input":{"@type":"PropertyValueSpecification","valueRequired":true,"valueName":"search_term_string"}}],"inLanguage":"en-US"},{"@type":"Organization","@id":"https:\/\/duransilvasamano.com\/#organization","name":"Duran Silva Samano","url":"https:\/\/duransilvasamano.com\/","logo":{"@type":"ImageObject","inLanguage":"en-US","@id":"https:\/\/duransilvasamano.com\/#\/schema\/logo\/image\/","url":"https:\/\/duransilvasamano.com\/wp-content\/uploads\/2022\/02\/cropped-duran-silva-samano-2.png","contentUrl":"https:\/\/duransilvasamano.com\/wp-content\/uploads\/2022\/02\/cropped-duran-silva-samano-2.png","width":197,"height":75,"caption":"Duran Silva Samano"},"image":{"@id":"https:\/\/duransilvasamano.com\/#\/schema\/logo\/image\/"}},{"@type":"Person","@id":"https:\/\/duransilvasamano.com\/#\/schema\/person\/5f510d0c223844992a489653dbf80ea6","name":"DuranAdmin","url":"https:\/\/duransilvasamano.com\/en\/author\/duranadmin\/"}]}},"_links":{"self":[{"href":"https:\/\/duransilvasamano.com\/en\/wp-json\/wp\/v2\/posts\/2494","targetHints":{"allow":["GET"]}}],"collection":[{"href":"https:\/\/duransilvasamano.com\/en\/wp-json\/wp\/v2\/posts"}],"about":[{"href":"https:\/\/duransilvasamano.com\/en\/wp-json\/wp\/v2\/types\/post"}],"author":[{"embeddable":true,"href":"https:\/\/duransilvasamano.com\/en\/wp-json\/wp\/v2\/users\/2"}],"replies":[{"embeddable":true,"href":"https:\/\/duransilvasamano.com\/en\/wp-json\/wp\/v2\/comments?post=2494"}],"version-history":[{"count":1,"href":"https:\/\/duransilvasamano.com\/en\/wp-json\/wp\/v2\/posts\/2494\/revisions"}],"predecessor-version":[{"id":2498,"href":"https:\/\/duransilvasamano.com\/en\/wp-json\/wp\/v2\/posts\/2494\/revisions\/2498"}],"wp:attachment":[{"href":"https:\/\/duransilvasamano.com\/en\/wp-json\/wp\/v2\/media?parent=2494"}],"wp:term":[{"taxonomy":"category","embeddable":true,"href":"https:\/\/duransilvasamano.com\/en\/wp-json\/wp\/v2\/categories?post=2494"},{"taxonomy":"post_tag","embeddable":true,"href":"https:\/\/duransilvasamano.com\/en\/wp-json\/wp\/v2\/tags?post=2494"}],"curies":[{"name":"wp","href":"https:\/\/api.w.org\/{rel}","templated":true}]}}