{"id":2471,"date":"2022-09-13T15:30:43","date_gmt":"2022-09-13T15:30:43","guid":{"rendered":"https:\/\/duransilvasamano.com\/?p=2471"},"modified":"2022-09-13T15:30:45","modified_gmt":"2022-09-13T15:30:45","slug":"noticias-fiscales-2022-89-shcp-entrega-del-paquete-economico-2023-al-congreso","status":"publish","type":"post","link":"https:\/\/duransilvasamano.com\/en\/noticias-fiscales-2022-89-shcp-entrega-del-paquete-economico-2023-al-congreso\/","title":{"rendered":"NOTICIAS-FISCALES-2022-89 SHCP \/ Entrega del Paquete Econ\u00f3mico 2023 al Congreso"},"content":{"rendered":"<p>13\/Sep\/2022<\/p>\n\n\n\n<hr class=\"wp-block-separator has-alpha-channel-opacity\"\/>\n\n\n\n<p>El 8 de septiembre, la Secretar\u00eda de Hacienda y Cr\u00e9dito P\u00fablico entreg\u00f3 al H. Congreso de la Uni\u00f3n el Paquete Econ\u00f3mico 2023, el cual est\u00e1 compuesto por los Criterios Generales de Pol\u00edtica Econ\u00f3mica (CGPE), la Iniciativa de Ley de Ingresos de la Federaci\u00f3n (ILIF), y el Proyecto de Presupuesto de Egresos de la Federaci\u00f3n (PPEF).<\/p>\n\n\n\n<p>El programa econ\u00f3mico 2023 est\u00e1 alineado con el Plan Nacional de Desarrollo (PND) 2019-2024, cuyo prop\u00f3sito consiste en lograr un entorno de seguridad y bienestar general para la poblaci\u00f3n en M\u00e9xico. Este programa presenta un marco macroecon\u00f3mico y un proyecto de presupuesto realista y equilibrado. Adem\u00e1s, refrenda el compromiso del Gobierno de M\u00e9xico de mantener finanzas p\u00fablicas sanas, a pesar de la compleja situaci\u00f3n que se est\u00e1 viviendo a nivel internacional.<\/p>\n\n\n\n<p>Si desea ver el contenido completo, d\u00e9 clic en la siguiente liga:<\/p>\n\n\n\n<figure class=\"wp-block-embed\"><div class=\"wp-block-embed__wrapper\">\nhttps:\/\/www.gob.mx\/shcp\/prensa\/comunicado-no-64-secretaria-de-hacienda-y-credito-publico-entrega-paquete-economico-2023-al-congreso\n<\/div><\/figure>\n\n\n\n<p>Descarga el archivo,\u00a0<a href=\"https:\/\/imcp.org.mx\/wp-content\/uploads\/2022\/09\/NOTICIAS-FISCALES-2022-89.pdf\">aqu\u00ed.<\/a><\/p>\n\n\n\n<figure class=\"wp-block-image size-full\"><img decoding=\"async\" width=\"300\" height=\"71\" src=\"https:\/\/duransilvasamano.com\/wp-content\/uploads\/2022\/09\/image-16.png\" alt=\"\" class=\"wp-image-2472\" srcset=\"https:\/\/duransilvasamano.com\/wp-content\/uploads\/2022\/09\/image-16.png 300w, https:\/\/duransilvasamano.com\/wp-content\/uploads\/2022\/09\/image-16-18x4.png 18w\" sizes=\"(max-width: 300px) 100vw, 300px\" \/><\/figure>","protected":false},"excerpt":{"rendered":"<p>13\/Sep\/2022 El 8 de septiembre, la Secretar\u00eda de Hacienda y Cr\u00e9dito P\u00fablico entreg\u00f3 al H. Congreso de la Uni\u00f3n el Paquete Econ\u00f3mico 2023, el cual est\u00e1 compuesto por los Criterios Generales de Pol\u00edtica Econ\u00f3mica (CGPE), la Iniciativa de Ley de Ingresos de la Federaci\u00f3n (ILIF), y el Proyecto de Presupuesto de Egresos de la Federaci\u00f3n [&hellip;]<\/p>","protected":false},"author":2,"featured_media":0,"comment_status":"open","ping_status":"closed","sticky":false,"template":"","format":"standard","meta":{"footnotes":""},"categories":[1],"tags":[],"class_list":["post-2471","post","type-post","status-publish","format-standard","hentry","category-sin-categoria"],"yoast_head":"<!-- This site is optimized with the Yoast SEO plugin v26.5 - https:\/\/yoast.com\/wordpress\/plugins\/seo\/ -->\n<title>Contadores p\u00fablico | \u00a0Duran Silva Samano<\/title>\n<meta name=\"description\" content=\"La especializaci\u00f3n de nuestros directores y colaboradores garantizan el crecimiento y \u00e9xito de nuestra empresa brindando la mejor soluci\u00f3n para cada uno de nuestros clientes\" \/>\n<meta name=\"robots\" content=\"index, follow, max-snippet:-1, max-image-preview:large, max-video-preview:-1\" \/>\n<link rel=\"canonical\" href=\"https:\/\/duransilvasamano.com\/en\/noticias-fiscales-2022-89-shcp-entrega-del-paquete-economico-2023-al-congreso\/\" \/>\n<meta property=\"og:locale\" content=\"en_US\" \/>\n<meta property=\"og:type\" content=\"article\" \/>\n<meta property=\"og:title\" content=\"Contadores p\u00fablico | \u00a0Duran Silva Samano\" \/>\n<meta property=\"og:description\" content=\"La especializaci\u00f3n de nuestros directores y colaboradores garantizan el crecimiento y \u00e9xito de nuestra empresa brindando la mejor soluci\u00f3n para cada uno de nuestros clientes\" \/>\n<meta property=\"og:url\" content=\"https:\/\/duransilvasamano.com\/en\/noticias-fiscales-2022-89-shcp-entrega-del-paquete-economico-2023-al-congreso\/\" \/>\n<meta property=\"og:site_name\" content=\"Duran Silva Samano\" \/>\n<meta property=\"article:published_time\" content=\"2022-09-13T15:30:43+00:00\" \/>\n<meta property=\"article:modified_time\" content=\"2022-09-13T15:30:45+00:00\" \/>\n<meta property=\"og:image\" content=\"https:\/\/duransilvasamano.com\/wp-content\/uploads\/2022\/09\/image-16.png\" \/>\n<meta name=\"author\" content=\"DuranAdmin\" \/>\n<meta name=\"twitter:card\" content=\"summary_large_image\" \/>\n<meta name=\"twitter:label1\" content=\"Written by\" \/>\n\t<meta name=\"twitter:data1\" content=\"DuranAdmin\" \/>\n\t<meta name=\"twitter:label2\" content=\"Est. reading time\" \/>\n\t<meta name=\"twitter:data2\" content=\"1 minute\" \/>\n<script type=\"application\/ld+json\" class=\"yoast-schema-graph\">{\"@context\":\"https:\/\/schema.org\",\"@graph\":[{\"@type\":\"Article\",\"@id\":\"https:\/\/duransilvasamano.com\/noticias-fiscales-2022-89-shcp-entrega-del-paquete-economico-2023-al-congreso\/#article\",\"isPartOf\":{\"@id\":\"https:\/\/duransilvasamano.com\/noticias-fiscales-2022-89-shcp-entrega-del-paquete-economico-2023-al-congreso\/\"},\"author\":{\"name\":\"DuranAdmin\",\"@id\":\"https:\/\/duransilvasamano.com\/#\/schema\/person\/5f510d0c223844992a489653dbf80ea6\"},\"headline\":\"NOTICIAS-FISCALES-2022-89 SHCP \/ Entrega del Paquete Econ\u00f3mico 2023 al Congreso\",\"datePublished\":\"2022-09-13T15:30:43+00:00\",\"dateModified\":\"2022-09-13T15:30:45+00:00\",\"mainEntityOfPage\":{\"@id\":\"https:\/\/duransilvasamano.com\/noticias-fiscales-2022-89-shcp-entrega-del-paquete-economico-2023-al-congreso\/\"},\"wordCount\":177,\"commentCount\":0,\"publisher\":{\"@id\":\"https:\/\/duransilvasamano.com\/#organization\"},\"image\":{\"@id\":\"https:\/\/duransilvasamano.com\/noticias-fiscales-2022-89-shcp-entrega-del-paquete-economico-2023-al-congreso\/#primaryimage\"},\"thumbnailUrl\":\"https:\/\/duransilvasamano.com\/wp-content\/uploads\/2022\/09\/image-16.png\",\"articleSection\":[\"Sin categor\u00eda\"],\"inLanguage\":\"en-US\",\"potentialAction\":[{\"@type\":\"CommentAction\",\"name\":\"Comment\",\"target\":[\"https:\/\/duransilvasamano.com\/noticias-fiscales-2022-89-shcp-entrega-del-paquete-economico-2023-al-congreso\/#respond\"]}]},{\"@type\":\"WebPage\",\"@id\":\"https:\/\/duransilvasamano.com\/noticias-fiscales-2022-89-shcp-entrega-del-paquete-economico-2023-al-congreso\/\",\"url\":\"https:\/\/duransilvasamano.com\/noticias-fiscales-2022-89-shcp-entrega-del-paquete-economico-2023-al-congreso\/\",\"name\":\"Contadores p\u00fablico | \u00a0Duran Silva Samano\",\"isPartOf\":{\"@id\":\"https:\/\/duransilvasamano.com\/#website\"},\"primaryImageOfPage\":{\"@id\":\"https:\/\/duransilvasamano.com\/noticias-fiscales-2022-89-shcp-entrega-del-paquete-economico-2023-al-congreso\/#primaryimage\"},\"image\":{\"@id\":\"https:\/\/duransilvasamano.com\/noticias-fiscales-2022-89-shcp-entrega-del-paquete-economico-2023-al-congreso\/#primaryimage\"},\"thumbnailUrl\":\"https:\/\/duransilvasamano.com\/wp-content\/uploads\/2022\/09\/image-16.png\",\"datePublished\":\"2022-09-13T15:30:43+00:00\",\"dateModified\":\"2022-09-13T15:30:45+00:00\",\"description\":\"La especializaci\u00f3n de nuestros directores y colaboradores garantizan el crecimiento y \u00e9xito de nuestra empresa brindando la mejor soluci\u00f3n para cada uno de nuestros clientes\",\"breadcrumb\":{\"@id\":\"https:\/\/duransilvasamano.com\/noticias-fiscales-2022-89-shcp-entrega-del-paquete-economico-2023-al-congreso\/#breadcrumb\"},\"inLanguage\":\"en-US\",\"potentialAction\":[{\"@type\":\"ReadAction\",\"target\":[\"https:\/\/duransilvasamano.com\/noticias-fiscales-2022-89-shcp-entrega-del-paquete-economico-2023-al-congreso\/\"]}]},{\"@type\":\"ImageObject\",\"inLanguage\":\"en-US\",\"@id\":\"https:\/\/duransilvasamano.com\/noticias-fiscales-2022-89-shcp-entrega-del-paquete-economico-2023-al-congreso\/#primaryimage\",\"url\":\"https:\/\/duransilvasamano.com\/wp-content\/uploads\/2022\/09\/image-16.png\",\"contentUrl\":\"https:\/\/duransilvasamano.com\/wp-content\/uploads\/2022\/09\/image-16.png\"},{\"@type\":\"BreadcrumbList\",\"@id\":\"https:\/\/duransilvasamano.com\/noticias-fiscales-2022-89-shcp-entrega-del-paquete-economico-2023-al-congreso\/#breadcrumb\",\"itemListElement\":[{\"@type\":\"ListItem\",\"position\":1,\"name\":\"Inicio\",\"item\":\"https:\/\/duransilvasamano.com\/\"},{\"@type\":\"ListItem\",\"position\":2,\"name\":\"NOTICIAS-FISCALES-2022-89 SHCP \/ Entrega del Paquete Econ\u00f3mico 2023 al Congreso\"}]},{\"@type\":\"WebSite\",\"@id\":\"https:\/\/duransilvasamano.com\/#website\",\"url\":\"https:\/\/duransilvasamano.com\/\",\"name\":\"Duran Silva Samano\",\"description\":\"Contadores p\u00fablicos\",\"publisher\":{\"@id\":\"https:\/\/duransilvasamano.com\/#organization\"},\"potentialAction\":[{\"@type\":\"SearchAction\",\"target\":{\"@type\":\"EntryPoint\",\"urlTemplate\":\"https:\/\/duransilvasamano.com\/?s={search_term_string}\"},\"query-input\":{\"@type\":\"PropertyValueSpecification\",\"valueRequired\":true,\"valueName\":\"search_term_string\"}}],\"inLanguage\":\"en-US\"},{\"@type\":\"Organization\",\"@id\":\"https:\/\/duransilvasamano.com\/#organization\",\"name\":\"Duran Silva Samano\",\"url\":\"https:\/\/duransilvasamano.com\/\",\"logo\":{\"@type\":\"ImageObject\",\"inLanguage\":\"en-US\",\"@id\":\"https:\/\/duransilvasamano.com\/#\/schema\/logo\/image\/\",\"url\":\"https:\/\/duransilvasamano.com\/wp-content\/uploads\/2022\/02\/cropped-duran-silva-samano-2.png\",\"contentUrl\":\"https:\/\/duransilvasamano.com\/wp-content\/uploads\/2022\/02\/cropped-duran-silva-samano-2.png\",\"width\":197,\"height\":75,\"caption\":\"Duran Silva Samano\"},\"image\":{\"@id\":\"https:\/\/duransilvasamano.com\/#\/schema\/logo\/image\/\"}},{\"@type\":\"Person\",\"@id\":\"https:\/\/duransilvasamano.com\/#\/schema\/person\/5f510d0c223844992a489653dbf80ea6\",\"name\":\"DuranAdmin\",\"url\":\"https:\/\/duransilvasamano.com\/en\/author\/duranadmin\/\"}]}<\/script>\n<!-- \/ Yoast SEO plugin. -->","yoast_head_json":{"title":"Contadores p\u00fablico | \u00a0Duran Silva Samano","description":"La especializaci\u00f3n de nuestros directores y colaboradores garantizan el crecimiento y \u00e9xito de nuestra empresa brindando la mejor soluci\u00f3n para cada uno de nuestros clientes","robots":{"index":"index","follow":"follow","max-snippet":"max-snippet:-1","max-image-preview":"max-image-preview:large","max-video-preview":"max-video-preview:-1"},"canonical":"https:\/\/duransilvasamano.com\/en\/noticias-fiscales-2022-89-shcp-entrega-del-paquete-economico-2023-al-congreso\/","og_locale":"en_US","og_type":"article","og_title":"Contadores p\u00fablico | \u00a0Duran Silva Samano","og_description":"La especializaci\u00f3n de nuestros directores y colaboradores garantizan el crecimiento y \u00e9xito de nuestra empresa brindando la mejor soluci\u00f3n para cada uno de nuestros clientes","og_url":"https:\/\/duransilvasamano.com\/en\/noticias-fiscales-2022-89-shcp-entrega-del-paquete-economico-2023-al-congreso\/","og_site_name":"Duran Silva Samano","article_published_time":"2022-09-13T15:30:43+00:00","article_modified_time":"2022-09-13T15:30:45+00:00","og_image":[{"url":"https:\/\/duransilvasamano.com\/wp-content\/uploads\/2022\/09\/image-16.png","type":"","width":"","height":""}],"author":"DuranAdmin","twitter_card":"summary_large_image","twitter_misc":{"Written by":"DuranAdmin","Est. reading time":"1 minute"},"schema":{"@context":"https:\/\/schema.org","@graph":[{"@type":"Article","@id":"https:\/\/duransilvasamano.com\/noticias-fiscales-2022-89-shcp-entrega-del-paquete-economico-2023-al-congreso\/#article","isPartOf":{"@id":"https:\/\/duransilvasamano.com\/noticias-fiscales-2022-89-shcp-entrega-del-paquete-economico-2023-al-congreso\/"},"author":{"name":"DuranAdmin","@id":"https:\/\/duransilvasamano.com\/#\/schema\/person\/5f510d0c223844992a489653dbf80ea6"},"headline":"NOTICIAS-FISCALES-2022-89 SHCP \/ Entrega del Paquete Econ\u00f3mico 2023 al Congreso","datePublished":"2022-09-13T15:30:43+00:00","dateModified":"2022-09-13T15:30:45+00:00","mainEntityOfPage":{"@id":"https:\/\/duransilvasamano.com\/noticias-fiscales-2022-89-shcp-entrega-del-paquete-economico-2023-al-congreso\/"},"wordCount":177,"commentCount":0,"publisher":{"@id":"https:\/\/duransilvasamano.com\/#organization"},"image":{"@id":"https:\/\/duransilvasamano.com\/noticias-fiscales-2022-89-shcp-entrega-del-paquete-economico-2023-al-congreso\/#primaryimage"},"thumbnailUrl":"https:\/\/duransilvasamano.com\/wp-content\/uploads\/2022\/09\/image-16.png","articleSection":["Sin categor\u00eda"],"inLanguage":"en-US","potentialAction":[{"@type":"CommentAction","name":"Comment","target":["https:\/\/duransilvasamano.com\/noticias-fiscales-2022-89-shcp-entrega-del-paquete-economico-2023-al-congreso\/#respond"]}]},{"@type":"WebPage","@id":"https:\/\/duransilvasamano.com\/noticias-fiscales-2022-89-shcp-entrega-del-paquete-economico-2023-al-congreso\/","url":"https:\/\/duransilvasamano.com\/noticias-fiscales-2022-89-shcp-entrega-del-paquete-economico-2023-al-congreso\/","name":"Contadores p\u00fablico | \u00a0Duran Silva Samano","isPartOf":{"@id":"https:\/\/duransilvasamano.com\/#website"},"primaryImageOfPage":{"@id":"https:\/\/duransilvasamano.com\/noticias-fiscales-2022-89-shcp-entrega-del-paquete-economico-2023-al-congreso\/#primaryimage"},"image":{"@id":"https:\/\/duransilvasamano.com\/noticias-fiscales-2022-89-shcp-entrega-del-paquete-economico-2023-al-congreso\/#primaryimage"},"thumbnailUrl":"https:\/\/duransilvasamano.com\/wp-content\/uploads\/2022\/09\/image-16.png","datePublished":"2022-09-13T15:30:43+00:00","dateModified":"2022-09-13T15:30:45+00:00","description":"La especializaci\u00f3n de nuestros directores y colaboradores garantizan el crecimiento y \u00e9xito de nuestra empresa brindando la mejor soluci\u00f3n para cada uno de nuestros clientes","breadcrumb":{"@id":"https:\/\/duransilvasamano.com\/noticias-fiscales-2022-89-shcp-entrega-del-paquete-economico-2023-al-congreso\/#breadcrumb"},"inLanguage":"en-US","potentialAction":[{"@type":"ReadAction","target":["https:\/\/duransilvasamano.com\/noticias-fiscales-2022-89-shcp-entrega-del-paquete-economico-2023-al-congreso\/"]}]},{"@type":"ImageObject","inLanguage":"en-US","@id":"https:\/\/duransilvasamano.com\/noticias-fiscales-2022-89-shcp-entrega-del-paquete-economico-2023-al-congreso\/#primaryimage","url":"https:\/\/duransilvasamano.com\/wp-content\/uploads\/2022\/09\/image-16.png","contentUrl":"https:\/\/duransilvasamano.com\/wp-content\/uploads\/2022\/09\/image-16.png"},{"@type":"BreadcrumbList","@id":"https:\/\/duransilvasamano.com\/noticias-fiscales-2022-89-shcp-entrega-del-paquete-economico-2023-al-congreso\/#breadcrumb","itemListElement":[{"@type":"ListItem","position":1,"name":"Inicio","item":"https:\/\/duransilvasamano.com\/"},{"@type":"ListItem","position":2,"name":"NOTICIAS-FISCALES-2022-89 SHCP \/ Entrega del Paquete Econ\u00f3mico 2023 al Congreso"}]},{"@type":"WebSite","@id":"https:\/\/duransilvasamano.com\/#website","url":"https:\/\/duransilvasamano.com\/","name":"Duran Silva Samano","description":"Contadores p\u00fablicos","publisher":{"@id":"https:\/\/duransilvasamano.com\/#organization"},"potentialAction":[{"@type":"SearchAction","target":{"@type":"EntryPoint","urlTemplate":"https:\/\/duransilvasamano.com\/?s={search_term_string}"},"query-input":{"@type":"PropertyValueSpecification","valueRequired":true,"valueName":"search_term_string"}}],"inLanguage":"en-US"},{"@type":"Organization","@id":"https:\/\/duransilvasamano.com\/#organization","name":"Duran Silva Samano","url":"https:\/\/duransilvasamano.com\/","logo":{"@type":"ImageObject","inLanguage":"en-US","@id":"https:\/\/duransilvasamano.com\/#\/schema\/logo\/image\/","url":"https:\/\/duransilvasamano.com\/wp-content\/uploads\/2022\/02\/cropped-duran-silva-samano-2.png","contentUrl":"https:\/\/duransilvasamano.com\/wp-content\/uploads\/2022\/02\/cropped-duran-silva-samano-2.png","width":197,"height":75,"caption":"Duran Silva Samano"},"image":{"@id":"https:\/\/duransilvasamano.com\/#\/schema\/logo\/image\/"}},{"@type":"Person","@id":"https:\/\/duransilvasamano.com\/#\/schema\/person\/5f510d0c223844992a489653dbf80ea6","name":"DuranAdmin","url":"https:\/\/duransilvasamano.com\/en\/author\/duranadmin\/"}]}},"_links":{"self":[{"href":"https:\/\/duransilvasamano.com\/en\/wp-json\/wp\/v2\/posts\/2471","targetHints":{"allow":["GET"]}}],"collection":[{"href":"https:\/\/duransilvasamano.com\/en\/wp-json\/wp\/v2\/posts"}],"about":[{"href":"https:\/\/duransilvasamano.com\/en\/wp-json\/wp\/v2\/types\/post"}],"author":[{"embeddable":true,"href":"https:\/\/duransilvasamano.com\/en\/wp-json\/wp\/v2\/users\/2"}],"replies":[{"embeddable":true,"href":"https:\/\/duransilvasamano.com\/en\/wp-json\/wp\/v2\/comments?post=2471"}],"version-history":[{"count":1,"href":"https:\/\/duransilvasamano.com\/en\/wp-json\/wp\/v2\/posts\/2471\/revisions"}],"predecessor-version":[{"id":2473,"href":"https:\/\/duransilvasamano.com\/en\/wp-json\/wp\/v2\/posts\/2471\/revisions\/2473"}],"wp:attachment":[{"href":"https:\/\/duransilvasamano.com\/en\/wp-json\/wp\/v2\/media?parent=2471"}],"wp:term":[{"taxonomy":"category","embeddable":true,"href":"https:\/\/duransilvasamano.com\/en\/wp-json\/wp\/v2\/categories?post=2471"},{"taxonomy":"post_tag","embeddable":true,"href":"https:\/\/duransilvasamano.com\/en\/wp-json\/wp\/v2\/tags?post=2471"}],"curies":[{"name":"wp","href":"https:\/\/api.w.org\/{rel}","templated":true}]}}