{"id":2276,"date":"2022-08-18T16:26:04","date_gmt":"2022-08-18T16:26:04","guid":{"rendered":"https:\/\/duransilvasamano.com\/?p=2276"},"modified":"2022-08-18T16:26:12","modified_gmt":"2022-08-18T16:26:12","slug":"boletin-de-noticias-de-sindicos-2022-17-aspectos-fiscales-generales-por-considerar-cuando-se-hacen-pagos-al-extranjero-por-personas-morales","status":"publish","type":"post","link":"https:\/\/duransilvasamano.com\/en\/boletin-de-noticias-de-sindicos-2022-17-aspectos-fiscales-generales-por-considerar-cuando-se-hacen-pagos-al-extranjero-por-personas-morales\/","title":{"rendered":"Bolet\u00edn de Noticias de S\u00edndicos 2022 \u2013 17. Aspectos fiscales generales por considerar cuando se hacen pagos al extranjero por personas morales"},"content":{"rendered":"<p>18\/Ago\/2022<\/p>\n\n\n\n<hr class=\"wp-block-separator has-alpha-channel-opacity\"\/>\n\n\n\n<p>Cada vez es m\u00e1s frecuente que las personas morales realicen pagos a residentes en el extranjero, por lo que cobra especial relevancia conocer los aspectos que deben tomar en cuenta para que dichos pagos cumplan con los requisitos para que sean deducibles en M\u00e9xico.<\/p>\n\n\n\n<p>Por ello, a continuaci\u00f3n, enlistamos las m\u00e1s importantes.<\/p>\n\n\n\n<ol class=\"wp-block-list\"><li>Verificar que es lo que se est\u00e1 pagando, es decir un servicio, la adquisici\u00f3n de un bien, el otorgamiento del uso o goce temporal de un bien, un inter\u00e9s o una regal\u00eda, entre otros, o se trata de un pago que engloba varios de estos conceptos.<\/li><li>\u00bfSer\u00e1 el concepto por pagar estrictamente indispensable para la persona moral?<\/li><li>De tratarse por la importaci\u00f3n de bienes tangibles, es necesario, realizar los procedimientos establecidos en materia de comercio exterior, tomando en cuenta que el monto a deducir ser\u00e1 el que se haya declarado con motivo de la importaci\u00f3n.<\/li><li>\u00bfEl pago a realizar es de alguno de los mencionados en el t\u00edtulo V de la LISR?<\/li><li>\u00bfExiste una tasa de retenci\u00f3n de ISR o el pago est\u00e1 exento?<\/li><li>De existir una tasa de retenci\u00f3n, \u00bfel extranjero es residente en alguno de los pa\u00edses con los que M\u00e9xico tiene celebrado convenio para evitar la doble tributaci\u00f3n (CDT)<\/li><\/ol>\n\n\n\n<p>Descarga el bolet\u00edn,&nbsp;<a href=\"https:\/\/imcp.org.mx\/wp-content\/uploads\/2022\/08\/Boleti%CC%81n-Si%CC%81ndicos_17.pdf\">aqu\u00ed.<\/a><\/p>\n\n\n\n<p>Descarga el anexo,\u00a0<a href=\"https:\/\/imcp.org.mx\/wp-content\/uploads\/2022\/08\/Anexo-Boleti%CC%81n-Si%CC%81ndicos_17.pdf\">aqu\u00ed.<\/a><\/p>\n\n\n\n<figure class=\"wp-block-image size-full\"><img decoding=\"async\" width=\"300\" height=\"71\" src=\"https:\/\/duransilvasamano.com\/wp-content\/uploads\/2022\/08\/image-23.png\" alt=\"\" class=\"wp-image-2277\" srcset=\"https:\/\/duransilvasamano.com\/wp-content\/uploads\/2022\/08\/image-23.png 300w, https:\/\/duransilvasamano.com\/wp-content\/uploads\/2022\/08\/image-23-18x4.png 18w\" sizes=\"(max-width: 300px) 100vw, 300px\" \/><\/figure>","protected":false},"excerpt":{"rendered":"<p>18\/Ago\/2022 Cada vez es m\u00e1s frecuente que las personas morales realicen pagos a residentes en el extranjero, por lo que cobra especial relevancia conocer los aspectos que deben tomar en cuenta para que dichos pagos cumplan con los requisitos para que sean deducibles en M\u00e9xico. Por ello, a continuaci\u00f3n, enlistamos las m\u00e1s importantes. Verificar que [&hellip;]<\/p>","protected":false},"author":2,"featured_media":0,"comment_status":"open","ping_status":"closed","sticky":false,"template":"","format":"standard","meta":{"footnotes":""},"categories":[1],"tags":[],"class_list":["post-2276","post","type-post","status-publish","format-standard","hentry","category-sin-categoria"],"yoast_head":"<!-- This site is optimized with the Yoast SEO plugin v26.5 - https:\/\/yoast.com\/wordpress\/plugins\/seo\/ -->\n<title>Contadores p\u00fablico | \u00a0Duran Silva Samano<\/title>\n<meta name=\"description\" content=\"La especializaci\u00f3n de nuestros directores y colaboradores garantizan el crecimiento y \u00e9xito de nuestra empresa brindando la mejor soluci\u00f3n para cada uno de nuestros clientes\" \/>\n<meta name=\"robots\" content=\"index, follow, max-snippet:-1, max-image-preview:large, max-video-preview:-1\" \/>\n<link rel=\"canonical\" href=\"https:\/\/duransilvasamano.com\/en\/boletin-de-noticias-de-sindicos-2022-17-aspectos-fiscales-generales-por-considerar-cuando-se-hacen-pagos-al-extranjero-por-personas-morales\/\" \/>\n<meta property=\"og:locale\" content=\"en_US\" \/>\n<meta property=\"og:type\" content=\"article\" \/>\n<meta property=\"og:title\" content=\"Contadores p\u00fablico | \u00a0Duran Silva Samano\" \/>\n<meta property=\"og:description\" content=\"La especializaci\u00f3n de nuestros directores y colaboradores garantizan el crecimiento y \u00e9xito de nuestra empresa brindando la mejor soluci\u00f3n para cada uno de nuestros clientes\" \/>\n<meta property=\"og:url\" content=\"https:\/\/duransilvasamano.com\/en\/boletin-de-noticias-de-sindicos-2022-17-aspectos-fiscales-generales-por-considerar-cuando-se-hacen-pagos-al-extranjero-por-personas-morales\/\" \/>\n<meta property=\"og:site_name\" content=\"Duran Silva Samano\" \/>\n<meta property=\"article:published_time\" content=\"2022-08-18T16:26:04+00:00\" \/>\n<meta property=\"article:modified_time\" content=\"2022-08-18T16:26:12+00:00\" \/>\n<meta property=\"og:image\" content=\"https:\/\/duransilvasamano.com\/wp-content\/uploads\/2022\/08\/image-23.png\" \/>\n<meta name=\"author\" content=\"DuranAdmin\" \/>\n<meta name=\"twitter:card\" content=\"summary_large_image\" \/>\n<meta name=\"twitter:label1\" content=\"Written by\" \/>\n\t<meta name=\"twitter:data1\" content=\"DuranAdmin\" \/>\n\t<meta name=\"twitter:label2\" content=\"Est. reading time\" \/>\n\t<meta name=\"twitter:data2\" content=\"2 minutes\" \/>\n<script type=\"application\/ld+json\" class=\"yoast-schema-graph\">{\"@context\":\"https:\/\/schema.org\",\"@graph\":[{\"@type\":\"Article\",\"@id\":\"https:\/\/duransilvasamano.com\/boletin-de-noticias-de-sindicos-2022-17-aspectos-fiscales-generales-por-considerar-cuando-se-hacen-pagos-al-extranjero-por-personas-morales\/#article\",\"isPartOf\":{\"@id\":\"https:\/\/duransilvasamano.com\/boletin-de-noticias-de-sindicos-2022-17-aspectos-fiscales-generales-por-considerar-cuando-se-hacen-pagos-al-extranjero-por-personas-morales\/\"},\"author\":{\"name\":\"DuranAdmin\",\"@id\":\"https:\/\/duransilvasamano.com\/#\/schema\/person\/5f510d0c223844992a489653dbf80ea6\"},\"headline\":\"Bolet\u00edn de Noticias de S\u00edndicos 2022 \u2013 17. Aspectos fiscales generales por considerar cuando se hacen pagos al extranjero por personas morales\",\"datePublished\":\"2022-08-18T16:26:04+00:00\",\"dateModified\":\"2022-08-18T16:26:12+00:00\",\"mainEntityOfPage\":{\"@id\":\"https:\/\/duransilvasamano.com\/boletin-de-noticias-de-sindicos-2022-17-aspectos-fiscales-generales-por-considerar-cuando-se-hacen-pagos-al-extranjero-por-personas-morales\/\"},\"wordCount\":251,\"commentCount\":0,\"publisher\":{\"@id\":\"https:\/\/duransilvasamano.com\/#organization\"},\"image\":{\"@id\":\"https:\/\/duransilvasamano.com\/boletin-de-noticias-de-sindicos-2022-17-aspectos-fiscales-generales-por-considerar-cuando-se-hacen-pagos-al-extranjero-por-personas-morales\/#primaryimage\"},\"thumbnailUrl\":\"https:\/\/duransilvasamano.com\/wp-content\/uploads\/2022\/08\/image-23.png\",\"articleSection\":[\"Sin categor\u00eda\"],\"inLanguage\":\"en-US\",\"potentialAction\":[{\"@type\":\"CommentAction\",\"name\":\"Comment\",\"target\":[\"https:\/\/duransilvasamano.com\/boletin-de-noticias-de-sindicos-2022-17-aspectos-fiscales-generales-por-considerar-cuando-se-hacen-pagos-al-extranjero-por-personas-morales\/#respond\"]}]},{\"@type\":\"WebPage\",\"@id\":\"https:\/\/duransilvasamano.com\/boletin-de-noticias-de-sindicos-2022-17-aspectos-fiscales-generales-por-considerar-cuando-se-hacen-pagos-al-extranjero-por-personas-morales\/\",\"url\":\"https:\/\/duransilvasamano.com\/boletin-de-noticias-de-sindicos-2022-17-aspectos-fiscales-generales-por-considerar-cuando-se-hacen-pagos-al-extranjero-por-personas-morales\/\",\"name\":\"Contadores p\u00fablico | \u00a0Duran Silva Samano\",\"isPartOf\":{\"@id\":\"https:\/\/duransilvasamano.com\/#website\"},\"primaryImageOfPage\":{\"@id\":\"https:\/\/duransilvasamano.com\/boletin-de-noticias-de-sindicos-2022-17-aspectos-fiscales-generales-por-considerar-cuando-se-hacen-pagos-al-extranjero-por-personas-morales\/#primaryimage\"},\"image\":{\"@id\":\"https:\/\/duransilvasamano.com\/boletin-de-noticias-de-sindicos-2022-17-aspectos-fiscales-generales-por-considerar-cuando-se-hacen-pagos-al-extranjero-por-personas-morales\/#primaryimage\"},\"thumbnailUrl\":\"https:\/\/duransilvasamano.com\/wp-content\/uploads\/2022\/08\/image-23.png\",\"datePublished\":\"2022-08-18T16:26:04+00:00\",\"dateModified\":\"2022-08-18T16:26:12+00:00\",\"description\":\"La especializaci\u00f3n de nuestros directores y colaboradores garantizan el crecimiento y \u00e9xito de nuestra empresa brindando la mejor soluci\u00f3n para cada uno de nuestros clientes\",\"breadcrumb\":{\"@id\":\"https:\/\/duransilvasamano.com\/boletin-de-noticias-de-sindicos-2022-17-aspectos-fiscales-generales-por-considerar-cuando-se-hacen-pagos-al-extranjero-por-personas-morales\/#breadcrumb\"},\"inLanguage\":\"en-US\",\"potentialAction\":[{\"@type\":\"ReadAction\",\"target\":[\"https:\/\/duransilvasamano.com\/boletin-de-noticias-de-sindicos-2022-17-aspectos-fiscales-generales-por-considerar-cuando-se-hacen-pagos-al-extranjero-por-personas-morales\/\"]}]},{\"@type\":\"ImageObject\",\"inLanguage\":\"en-US\",\"@id\":\"https:\/\/duransilvasamano.com\/boletin-de-noticias-de-sindicos-2022-17-aspectos-fiscales-generales-por-considerar-cuando-se-hacen-pagos-al-extranjero-por-personas-morales\/#primaryimage\",\"url\":\"https:\/\/duransilvasamano.com\/wp-content\/uploads\/2022\/08\/image-23.png\",\"contentUrl\":\"https:\/\/duransilvasamano.com\/wp-content\/uploads\/2022\/08\/image-23.png\"},{\"@type\":\"BreadcrumbList\",\"@id\":\"https:\/\/duransilvasamano.com\/boletin-de-noticias-de-sindicos-2022-17-aspectos-fiscales-generales-por-considerar-cuando-se-hacen-pagos-al-extranjero-por-personas-morales\/#breadcrumb\",\"itemListElement\":[{\"@type\":\"ListItem\",\"position\":1,\"name\":\"Inicio\",\"item\":\"https:\/\/duransilvasamano.com\/\"},{\"@type\":\"ListItem\",\"position\":2,\"name\":\"Bolet\u00edn de Noticias de S\u00edndicos 2022 \u2013 17. Aspectos fiscales generales por considerar cuando se hacen pagos al extranjero por personas morales\"}]},{\"@type\":\"WebSite\",\"@id\":\"https:\/\/duransilvasamano.com\/#website\",\"url\":\"https:\/\/duransilvasamano.com\/\",\"name\":\"Duran Silva Samano\",\"description\":\"Contadores p\u00fablicos\",\"publisher\":{\"@id\":\"https:\/\/duransilvasamano.com\/#organization\"},\"potentialAction\":[{\"@type\":\"SearchAction\",\"target\":{\"@type\":\"EntryPoint\",\"urlTemplate\":\"https:\/\/duransilvasamano.com\/?s={search_term_string}\"},\"query-input\":{\"@type\":\"PropertyValueSpecification\",\"valueRequired\":true,\"valueName\":\"search_term_string\"}}],\"inLanguage\":\"en-US\"},{\"@type\":\"Organization\",\"@id\":\"https:\/\/duransilvasamano.com\/#organization\",\"name\":\"Duran Silva Samano\",\"url\":\"https:\/\/duransilvasamano.com\/\",\"logo\":{\"@type\":\"ImageObject\",\"inLanguage\":\"en-US\",\"@id\":\"https:\/\/duransilvasamano.com\/#\/schema\/logo\/image\/\",\"url\":\"https:\/\/duransilvasamano.com\/wp-content\/uploads\/2022\/02\/cropped-duran-silva-samano-2.png\",\"contentUrl\":\"https:\/\/duransilvasamano.com\/wp-content\/uploads\/2022\/02\/cropped-duran-silva-samano-2.png\",\"width\":197,\"height\":75,\"caption\":\"Duran Silva Samano\"},\"image\":{\"@id\":\"https:\/\/duransilvasamano.com\/#\/schema\/logo\/image\/\"}},{\"@type\":\"Person\",\"@id\":\"https:\/\/duransilvasamano.com\/#\/schema\/person\/5f510d0c223844992a489653dbf80ea6\",\"name\":\"DuranAdmin\",\"url\":\"https:\/\/duransilvasamano.com\/en\/author\/duranadmin\/\"}]}<\/script>\n<!-- \/ Yoast SEO plugin. -->","yoast_head_json":{"title":"Contadores p\u00fablico | \u00a0Duran Silva Samano","description":"La especializaci\u00f3n de nuestros directores y colaboradores garantizan el crecimiento y \u00e9xito de nuestra empresa brindando la mejor soluci\u00f3n para cada uno de nuestros clientes","robots":{"index":"index","follow":"follow","max-snippet":"max-snippet:-1","max-image-preview":"max-image-preview:large","max-video-preview":"max-video-preview:-1"},"canonical":"https:\/\/duransilvasamano.com\/en\/boletin-de-noticias-de-sindicos-2022-17-aspectos-fiscales-generales-por-considerar-cuando-se-hacen-pagos-al-extranjero-por-personas-morales\/","og_locale":"en_US","og_type":"article","og_title":"Contadores p\u00fablico | \u00a0Duran Silva Samano","og_description":"La especializaci\u00f3n de nuestros directores y colaboradores garantizan el crecimiento y \u00e9xito de nuestra empresa brindando la mejor soluci\u00f3n para cada uno de nuestros clientes","og_url":"https:\/\/duransilvasamano.com\/en\/boletin-de-noticias-de-sindicos-2022-17-aspectos-fiscales-generales-por-considerar-cuando-se-hacen-pagos-al-extranjero-por-personas-morales\/","og_site_name":"Duran Silva Samano","article_published_time":"2022-08-18T16:26:04+00:00","article_modified_time":"2022-08-18T16:26:12+00:00","og_image":[{"url":"https:\/\/duransilvasamano.com\/wp-content\/uploads\/2022\/08\/image-23.png","type":"","width":"","height":""}],"author":"DuranAdmin","twitter_card":"summary_large_image","twitter_misc":{"Written by":"DuranAdmin","Est. reading time":"2 minutes"},"schema":{"@context":"https:\/\/schema.org","@graph":[{"@type":"Article","@id":"https:\/\/duransilvasamano.com\/boletin-de-noticias-de-sindicos-2022-17-aspectos-fiscales-generales-por-considerar-cuando-se-hacen-pagos-al-extranjero-por-personas-morales\/#article","isPartOf":{"@id":"https:\/\/duransilvasamano.com\/boletin-de-noticias-de-sindicos-2022-17-aspectos-fiscales-generales-por-considerar-cuando-se-hacen-pagos-al-extranjero-por-personas-morales\/"},"author":{"name":"DuranAdmin","@id":"https:\/\/duransilvasamano.com\/#\/schema\/person\/5f510d0c223844992a489653dbf80ea6"},"headline":"Bolet\u00edn de Noticias de S\u00edndicos 2022 \u2013 17. Aspectos fiscales generales por considerar cuando se hacen pagos al extranjero por personas morales","datePublished":"2022-08-18T16:26:04+00:00","dateModified":"2022-08-18T16:26:12+00:00","mainEntityOfPage":{"@id":"https:\/\/duransilvasamano.com\/boletin-de-noticias-de-sindicos-2022-17-aspectos-fiscales-generales-por-considerar-cuando-se-hacen-pagos-al-extranjero-por-personas-morales\/"},"wordCount":251,"commentCount":0,"publisher":{"@id":"https:\/\/duransilvasamano.com\/#organization"},"image":{"@id":"https:\/\/duransilvasamano.com\/boletin-de-noticias-de-sindicos-2022-17-aspectos-fiscales-generales-por-considerar-cuando-se-hacen-pagos-al-extranjero-por-personas-morales\/#primaryimage"},"thumbnailUrl":"https:\/\/duransilvasamano.com\/wp-content\/uploads\/2022\/08\/image-23.png","articleSection":["Sin categor\u00eda"],"inLanguage":"en-US","potentialAction":[{"@type":"CommentAction","name":"Comment","target":["https:\/\/duransilvasamano.com\/boletin-de-noticias-de-sindicos-2022-17-aspectos-fiscales-generales-por-considerar-cuando-se-hacen-pagos-al-extranjero-por-personas-morales\/#respond"]}]},{"@type":"WebPage","@id":"https:\/\/duransilvasamano.com\/boletin-de-noticias-de-sindicos-2022-17-aspectos-fiscales-generales-por-considerar-cuando-se-hacen-pagos-al-extranjero-por-personas-morales\/","url":"https:\/\/duransilvasamano.com\/boletin-de-noticias-de-sindicos-2022-17-aspectos-fiscales-generales-por-considerar-cuando-se-hacen-pagos-al-extranjero-por-personas-morales\/","name":"Contadores p\u00fablico | \u00a0Duran Silva Samano","isPartOf":{"@id":"https:\/\/duransilvasamano.com\/#website"},"primaryImageOfPage":{"@id":"https:\/\/duransilvasamano.com\/boletin-de-noticias-de-sindicos-2022-17-aspectos-fiscales-generales-por-considerar-cuando-se-hacen-pagos-al-extranjero-por-personas-morales\/#primaryimage"},"image":{"@id":"https:\/\/duransilvasamano.com\/boletin-de-noticias-de-sindicos-2022-17-aspectos-fiscales-generales-por-considerar-cuando-se-hacen-pagos-al-extranjero-por-personas-morales\/#primaryimage"},"thumbnailUrl":"https:\/\/duransilvasamano.com\/wp-content\/uploads\/2022\/08\/image-23.png","datePublished":"2022-08-18T16:26:04+00:00","dateModified":"2022-08-18T16:26:12+00:00","description":"La especializaci\u00f3n de nuestros directores y colaboradores garantizan el crecimiento y \u00e9xito de nuestra empresa brindando la mejor soluci\u00f3n para cada uno de nuestros clientes","breadcrumb":{"@id":"https:\/\/duransilvasamano.com\/boletin-de-noticias-de-sindicos-2022-17-aspectos-fiscales-generales-por-considerar-cuando-se-hacen-pagos-al-extranjero-por-personas-morales\/#breadcrumb"},"inLanguage":"en-US","potentialAction":[{"@type":"ReadAction","target":["https:\/\/duransilvasamano.com\/boletin-de-noticias-de-sindicos-2022-17-aspectos-fiscales-generales-por-considerar-cuando-se-hacen-pagos-al-extranjero-por-personas-morales\/"]}]},{"@type":"ImageObject","inLanguage":"en-US","@id":"https:\/\/duransilvasamano.com\/boletin-de-noticias-de-sindicos-2022-17-aspectos-fiscales-generales-por-considerar-cuando-se-hacen-pagos-al-extranjero-por-personas-morales\/#primaryimage","url":"https:\/\/duransilvasamano.com\/wp-content\/uploads\/2022\/08\/image-23.png","contentUrl":"https:\/\/duransilvasamano.com\/wp-content\/uploads\/2022\/08\/image-23.png"},{"@type":"BreadcrumbList","@id":"https:\/\/duransilvasamano.com\/boletin-de-noticias-de-sindicos-2022-17-aspectos-fiscales-generales-por-considerar-cuando-se-hacen-pagos-al-extranjero-por-personas-morales\/#breadcrumb","itemListElement":[{"@type":"ListItem","position":1,"name":"Inicio","item":"https:\/\/duransilvasamano.com\/"},{"@type":"ListItem","position":2,"name":"Bolet\u00edn de Noticias de S\u00edndicos 2022 \u2013 17. Aspectos fiscales generales por considerar cuando se hacen pagos al extranjero por personas morales"}]},{"@type":"WebSite","@id":"https:\/\/duransilvasamano.com\/#website","url":"https:\/\/duransilvasamano.com\/","name":"Duran Silva Samano","description":"Contadores p\u00fablicos","publisher":{"@id":"https:\/\/duransilvasamano.com\/#organization"},"potentialAction":[{"@type":"SearchAction","target":{"@type":"EntryPoint","urlTemplate":"https:\/\/duransilvasamano.com\/?s={search_term_string}"},"query-input":{"@type":"PropertyValueSpecification","valueRequired":true,"valueName":"search_term_string"}}],"inLanguage":"en-US"},{"@type":"Organization","@id":"https:\/\/duransilvasamano.com\/#organization","name":"Duran Silva Samano","url":"https:\/\/duransilvasamano.com\/","logo":{"@type":"ImageObject","inLanguage":"en-US","@id":"https:\/\/duransilvasamano.com\/#\/schema\/logo\/image\/","url":"https:\/\/duransilvasamano.com\/wp-content\/uploads\/2022\/02\/cropped-duran-silva-samano-2.png","contentUrl":"https:\/\/duransilvasamano.com\/wp-content\/uploads\/2022\/02\/cropped-duran-silva-samano-2.png","width":197,"height":75,"caption":"Duran Silva Samano"},"image":{"@id":"https:\/\/duransilvasamano.com\/#\/schema\/logo\/image\/"}},{"@type":"Person","@id":"https:\/\/duransilvasamano.com\/#\/schema\/person\/5f510d0c223844992a489653dbf80ea6","name":"DuranAdmin","url":"https:\/\/duransilvasamano.com\/en\/author\/duranadmin\/"}]}},"_links":{"self":[{"href":"https:\/\/duransilvasamano.com\/en\/wp-json\/wp\/v2\/posts\/2276","targetHints":{"allow":["GET"]}}],"collection":[{"href":"https:\/\/duransilvasamano.com\/en\/wp-json\/wp\/v2\/posts"}],"about":[{"href":"https:\/\/duransilvasamano.com\/en\/wp-json\/wp\/v2\/types\/post"}],"author":[{"embeddable":true,"href":"https:\/\/duransilvasamano.com\/en\/wp-json\/wp\/v2\/users\/2"}],"replies":[{"embeddable":true,"href":"https:\/\/duransilvasamano.com\/en\/wp-json\/wp\/v2\/comments?post=2276"}],"version-history":[{"count":1,"href":"https:\/\/duransilvasamano.com\/en\/wp-json\/wp\/v2\/posts\/2276\/revisions"}],"predecessor-version":[{"id":2278,"href":"https:\/\/duransilvasamano.com\/en\/wp-json\/wp\/v2\/posts\/2276\/revisions\/2278"}],"wp:attachment":[{"href":"https:\/\/duransilvasamano.com\/en\/wp-json\/wp\/v2\/media?parent=2276"}],"wp:term":[{"taxonomy":"category","embeddable":true,"href":"https:\/\/duransilvasamano.com\/en\/wp-json\/wp\/v2\/categories?post=2276"},{"taxonomy":"post_tag","embeddable":true,"href":"https:\/\/duransilvasamano.com\/en\/wp-json\/wp\/v2\/tags?post=2276"}],"curies":[{"name":"wp","href":"https:\/\/api.w.org\/{rel}","templated":true}]}}