{"id":2082,"date":"2022-07-22T15:16:44","date_gmt":"2022-07-22T15:16:44","guid":{"rendered":"https:\/\/duransilvasamano.com\/?p=2082"},"modified":"2022-07-22T15:16:51","modified_gmt":"2022-07-22T15:16:51","slug":"noticias-fiscales-2022-79-acuerdo-por-el-que-se-da-a-conocer-el-horario-de-guardias-en-las-oficialias-de-partes-del-tfja-para-el-primer-periodo-vacacional-del-ano-2022","status":"publish","type":"post","link":"https:\/\/duransilvasamano.com\/en\/noticias-fiscales-2022-79-acuerdo-por-el-que-se-da-a-conocer-el-horario-de-guardias-en-las-oficialias-de-partes-del-tfja-para-el-primer-periodo-vacacional-del-ano-2022\/","title":{"rendered":"NOTICIAS-FISCALES-2022-79 Acuerdo por el que se da a conocer el horario de guardias en las Oficial\u00edas de Partes del TFJA para el primer periodo vacacional del a\u00f1o 2022"},"content":{"rendered":"<p>22\/Jul\/2022<\/p>\n\n\n\n<hr class=\"wp-block-separator has-alpha-channel-opacity\"\/>\n\n\n\n<p>El Tribunal Federal de Justicia Administrativa (TFJA) dio a conocer el d\u00eda de hoy (18 de julio) a trav\u00e9s del Diario Oficial de la Federaci\u00f3n (DOF), el Acuerdo SS\/10\/2022 por el que se da a conocer el horario de guardias en las Oficial\u00edas de Partes del TFJA para el primer periodo vacacional del a\u00f1o 2022.<\/p>\n\n\n\n<p>Se determina que en los d\u00edas 15, 18, 19, 20, 21, 22, 25, 26, 27, 28 y 29 de julio, todos de 2022, correspondientes al primer periodo vacacional del Tribunal Federal de Justicia Administrativa, las horas h\u00e1biles en las que se recibir\u00e1n promociones en las Oficial\u00edas de Partes de las Salas del Tribunal, ser\u00e1n de las 8:30 a las 14:30 horas.<\/p>\n\n\n\n<p>Descarga el archivo,&nbsp;<a href=\"https:\/\/imcp.org.mx\/wp-content\/uploads\/2022\/07\/NOTICIAS-FISCALES-2022-79.pdf\">aqu\u00ed.<\/a><\/p>\n\n\n\n<p>Descarga el anexo,\u00a0<a href=\"https:\/\/imcp.org.mx\/wp-content\/uploads\/2022\/07\/ANEXO-NOTICIAS-FISCALES-2022-79.pdf\">aqu\u00ed.<\/a><\/p>\n\n\n\n<figure class=\"wp-block-image size-full\"><img decoding=\"async\" width=\"300\" height=\"71\" src=\"https:\/\/duransilvasamano.com\/wp-content\/uploads\/2022\/07\/image-30.png\" alt=\"\" class=\"wp-image-2083\" srcset=\"https:\/\/duransilvasamano.com\/wp-content\/uploads\/2022\/07\/image-30.png 300w, https:\/\/duransilvasamano.com\/wp-content\/uploads\/2022\/07\/image-30-18x4.png 18w\" sizes=\"(max-width: 300px) 100vw, 300px\" \/><\/figure>","protected":false},"excerpt":{"rendered":"<p>22\/Jul\/2022 El Tribunal Federal de Justicia Administrativa (TFJA) dio a conocer el d\u00eda de hoy (18 de julio) a trav\u00e9s del Diario Oficial de la Federaci\u00f3n (DOF), el Acuerdo SS\/10\/2022 por el que se da a conocer el horario de guardias en las Oficial\u00edas de Partes del TFJA para el primer periodo vacacional del a\u00f1o [&hellip;]<\/p>","protected":false},"author":2,"featured_media":0,"comment_status":"open","ping_status":"closed","sticky":false,"template":"","format":"standard","meta":{"footnotes":""},"categories":[1],"tags":[],"class_list":["post-2082","post","type-post","status-publish","format-standard","hentry","category-sin-categoria"],"yoast_head":"<!-- This site is optimized with the Yoast SEO plugin v26.5 - https:\/\/yoast.com\/wordpress\/plugins\/seo\/ -->\n<title>Contadores p\u00fablico | \u00a0Duran Silva Samano<\/title>\n<meta name=\"description\" content=\"La especializaci\u00f3n de nuestros directores y colaboradores garantizan el crecimiento y \u00e9xito de nuestra empresa brindando la mejor soluci\u00f3n para cada uno de nuestros clientes\" \/>\n<meta name=\"robots\" content=\"index, follow, max-snippet:-1, max-image-preview:large, max-video-preview:-1\" \/>\n<link rel=\"canonical\" href=\"https:\/\/duransilvasamano.com\/en\/noticias-fiscales-2022-79-acuerdo-por-el-que-se-da-a-conocer-el-horario-de-guardias-en-las-oficialias-de-partes-del-tfja-para-el-primer-periodo-vacacional-del-ano-2022\/\" \/>\n<meta property=\"og:locale\" content=\"en_US\" \/>\n<meta property=\"og:type\" content=\"article\" \/>\n<meta property=\"og:title\" content=\"Contadores p\u00fablico | \u00a0Duran Silva Samano\" \/>\n<meta property=\"og:description\" content=\"La especializaci\u00f3n de nuestros directores y colaboradores garantizan el crecimiento y \u00e9xito de nuestra empresa brindando la mejor soluci\u00f3n para cada uno de nuestros clientes\" \/>\n<meta property=\"og:url\" content=\"https:\/\/duransilvasamano.com\/en\/noticias-fiscales-2022-79-acuerdo-por-el-que-se-da-a-conocer-el-horario-de-guardias-en-las-oficialias-de-partes-del-tfja-para-el-primer-periodo-vacacional-del-ano-2022\/\" \/>\n<meta property=\"og:site_name\" content=\"Duran Silva Samano\" \/>\n<meta property=\"article:published_time\" content=\"2022-07-22T15:16:44+00:00\" \/>\n<meta property=\"article:modified_time\" content=\"2022-07-22T15:16:51+00:00\" \/>\n<meta property=\"og:image\" content=\"https:\/\/duransilvasamano.com\/wp-content\/uploads\/2022\/07\/image-30.png\" \/>\n<meta name=\"author\" content=\"DuranAdmin\" \/>\n<meta name=\"twitter:card\" content=\"summary_large_image\" \/>\n<meta name=\"twitter:label1\" content=\"Written by\" \/>\n\t<meta name=\"twitter:data1\" content=\"DuranAdmin\" \/>\n\t<meta name=\"twitter:label2\" content=\"Est. reading time\" \/>\n\t<meta name=\"twitter:data2\" content=\"1 minute\" \/>\n<script type=\"application\/ld+json\" class=\"yoast-schema-graph\">{\"@context\":\"https:\/\/schema.org\",\"@graph\":[{\"@type\":\"Article\",\"@id\":\"https:\/\/duransilvasamano.com\/noticias-fiscales-2022-79-acuerdo-por-el-que-se-da-a-conocer-el-horario-de-guardias-en-las-oficialias-de-partes-del-tfja-para-el-primer-periodo-vacacional-del-ano-2022\/#article\",\"isPartOf\":{\"@id\":\"https:\/\/duransilvasamano.com\/noticias-fiscales-2022-79-acuerdo-por-el-que-se-da-a-conocer-el-horario-de-guardias-en-las-oficialias-de-partes-del-tfja-para-el-primer-periodo-vacacional-del-ano-2022\/\"},\"author\":{\"name\":\"DuranAdmin\",\"@id\":\"https:\/\/duransilvasamano.com\/#\/schema\/person\/5f510d0c223844992a489653dbf80ea6\"},\"headline\":\"NOTICIAS-FISCALES-2022-79 Acuerdo por el que se da a conocer el horario de guardias en las Oficial\u00edas de Partes del TFJA para el primer periodo vacacional del a\u00f1o 2022\",\"datePublished\":\"2022-07-22T15:16:44+00:00\",\"dateModified\":\"2022-07-22T15:16:51+00:00\",\"mainEntityOfPage\":{\"@id\":\"https:\/\/duransilvasamano.com\/noticias-fiscales-2022-79-acuerdo-por-el-que-se-da-a-conocer-el-horario-de-guardias-en-las-oficialias-de-partes-del-tfja-para-el-primer-periodo-vacacional-del-ano-2022\/\"},\"wordCount\":150,\"commentCount\":0,\"publisher\":{\"@id\":\"https:\/\/duransilvasamano.com\/#organization\"},\"image\":{\"@id\":\"https:\/\/duransilvasamano.com\/noticias-fiscales-2022-79-acuerdo-por-el-que-se-da-a-conocer-el-horario-de-guardias-en-las-oficialias-de-partes-del-tfja-para-el-primer-periodo-vacacional-del-ano-2022\/#primaryimage\"},\"thumbnailUrl\":\"https:\/\/duransilvasamano.com\/wp-content\/uploads\/2022\/07\/image-30.png\",\"articleSection\":[\"Sin categor\u00eda\"],\"inLanguage\":\"en-US\",\"potentialAction\":[{\"@type\":\"CommentAction\",\"name\":\"Comment\",\"target\":[\"https:\/\/duransilvasamano.com\/noticias-fiscales-2022-79-acuerdo-por-el-que-se-da-a-conocer-el-horario-de-guardias-en-las-oficialias-de-partes-del-tfja-para-el-primer-periodo-vacacional-del-ano-2022\/#respond\"]}]},{\"@type\":\"WebPage\",\"@id\":\"https:\/\/duransilvasamano.com\/noticias-fiscales-2022-79-acuerdo-por-el-que-se-da-a-conocer-el-horario-de-guardias-en-las-oficialias-de-partes-del-tfja-para-el-primer-periodo-vacacional-del-ano-2022\/\",\"url\":\"https:\/\/duransilvasamano.com\/noticias-fiscales-2022-79-acuerdo-por-el-que-se-da-a-conocer-el-horario-de-guardias-en-las-oficialias-de-partes-del-tfja-para-el-primer-periodo-vacacional-del-ano-2022\/\",\"name\":\"Contadores p\u00fablico | \u00a0Duran Silva Samano\",\"isPartOf\":{\"@id\":\"https:\/\/duransilvasamano.com\/#website\"},\"primaryImageOfPage\":{\"@id\":\"https:\/\/duransilvasamano.com\/noticias-fiscales-2022-79-acuerdo-por-el-que-se-da-a-conocer-el-horario-de-guardias-en-las-oficialias-de-partes-del-tfja-para-el-primer-periodo-vacacional-del-ano-2022\/#primaryimage\"},\"image\":{\"@id\":\"https:\/\/duransilvasamano.com\/noticias-fiscales-2022-79-acuerdo-por-el-que-se-da-a-conocer-el-horario-de-guardias-en-las-oficialias-de-partes-del-tfja-para-el-primer-periodo-vacacional-del-ano-2022\/#primaryimage\"},\"thumbnailUrl\":\"https:\/\/duransilvasamano.com\/wp-content\/uploads\/2022\/07\/image-30.png\",\"datePublished\":\"2022-07-22T15:16:44+00:00\",\"dateModified\":\"2022-07-22T15:16:51+00:00\",\"description\":\"La especializaci\u00f3n de nuestros directores y colaboradores garantizan el crecimiento y \u00e9xito de nuestra empresa brindando la mejor soluci\u00f3n para cada uno de nuestros clientes\",\"breadcrumb\":{\"@id\":\"https:\/\/duransilvasamano.com\/noticias-fiscales-2022-79-acuerdo-por-el-que-se-da-a-conocer-el-horario-de-guardias-en-las-oficialias-de-partes-del-tfja-para-el-primer-periodo-vacacional-del-ano-2022\/#breadcrumb\"},\"inLanguage\":\"en-US\",\"potentialAction\":[{\"@type\":\"ReadAction\",\"target\":[\"https:\/\/duransilvasamano.com\/noticias-fiscales-2022-79-acuerdo-por-el-que-se-da-a-conocer-el-horario-de-guardias-en-las-oficialias-de-partes-del-tfja-para-el-primer-periodo-vacacional-del-ano-2022\/\"]}]},{\"@type\":\"ImageObject\",\"inLanguage\":\"en-US\",\"@id\":\"https:\/\/duransilvasamano.com\/noticias-fiscales-2022-79-acuerdo-por-el-que-se-da-a-conocer-el-horario-de-guardias-en-las-oficialias-de-partes-del-tfja-para-el-primer-periodo-vacacional-del-ano-2022\/#primaryimage\",\"url\":\"https:\/\/duransilvasamano.com\/wp-content\/uploads\/2022\/07\/image-30.png\",\"contentUrl\":\"https:\/\/duransilvasamano.com\/wp-content\/uploads\/2022\/07\/image-30.png\"},{\"@type\":\"BreadcrumbList\",\"@id\":\"https:\/\/duransilvasamano.com\/noticias-fiscales-2022-79-acuerdo-por-el-que-se-da-a-conocer-el-horario-de-guardias-en-las-oficialias-de-partes-del-tfja-para-el-primer-periodo-vacacional-del-ano-2022\/#breadcrumb\",\"itemListElement\":[{\"@type\":\"ListItem\",\"position\":1,\"name\":\"Inicio\",\"item\":\"https:\/\/duransilvasamano.com\/\"},{\"@type\":\"ListItem\",\"position\":2,\"name\":\"NOTICIAS-FISCALES-2022-79 Acuerdo por el que se da a conocer el horario de guardias en las Oficial\u00edas de Partes del TFJA para el primer periodo vacacional del a\u00f1o 2022\"}]},{\"@type\":\"WebSite\",\"@id\":\"https:\/\/duransilvasamano.com\/#website\",\"url\":\"https:\/\/duransilvasamano.com\/\",\"name\":\"Duran Silva Samano\",\"description\":\"Contadores p\u00fablicos\",\"publisher\":{\"@id\":\"https:\/\/duransilvasamano.com\/#organization\"},\"potentialAction\":[{\"@type\":\"SearchAction\",\"target\":{\"@type\":\"EntryPoint\",\"urlTemplate\":\"https:\/\/duransilvasamano.com\/?s={search_term_string}\"},\"query-input\":{\"@type\":\"PropertyValueSpecification\",\"valueRequired\":true,\"valueName\":\"search_term_string\"}}],\"inLanguage\":\"en-US\"},{\"@type\":\"Organization\",\"@id\":\"https:\/\/duransilvasamano.com\/#organization\",\"name\":\"Duran Silva Samano\",\"url\":\"https:\/\/duransilvasamano.com\/\",\"logo\":{\"@type\":\"ImageObject\",\"inLanguage\":\"en-US\",\"@id\":\"https:\/\/duransilvasamano.com\/#\/schema\/logo\/image\/\",\"url\":\"https:\/\/duransilvasamano.com\/wp-content\/uploads\/2022\/02\/cropped-duran-silva-samano-2.png\",\"contentUrl\":\"https:\/\/duransilvasamano.com\/wp-content\/uploads\/2022\/02\/cropped-duran-silva-samano-2.png\",\"width\":197,\"height\":75,\"caption\":\"Duran Silva Samano\"},\"image\":{\"@id\":\"https:\/\/duransilvasamano.com\/#\/schema\/logo\/image\/\"}},{\"@type\":\"Person\",\"@id\":\"https:\/\/duransilvasamano.com\/#\/schema\/person\/5f510d0c223844992a489653dbf80ea6\",\"name\":\"DuranAdmin\",\"url\":\"https:\/\/duransilvasamano.com\/en\/author\/duranadmin\/\"}]}<\/script>\n<!-- \/ Yoast SEO plugin. -->","yoast_head_json":{"title":"Contadores p\u00fablico | \u00a0Duran Silva Samano","description":"La especializaci\u00f3n de nuestros directores y colaboradores garantizan el crecimiento y \u00e9xito de nuestra empresa brindando la mejor soluci\u00f3n para cada uno de nuestros clientes","robots":{"index":"index","follow":"follow","max-snippet":"max-snippet:-1","max-image-preview":"max-image-preview:large","max-video-preview":"max-video-preview:-1"},"canonical":"https:\/\/duransilvasamano.com\/en\/noticias-fiscales-2022-79-acuerdo-por-el-que-se-da-a-conocer-el-horario-de-guardias-en-las-oficialias-de-partes-del-tfja-para-el-primer-periodo-vacacional-del-ano-2022\/","og_locale":"en_US","og_type":"article","og_title":"Contadores p\u00fablico | \u00a0Duran Silva Samano","og_description":"La especializaci\u00f3n de nuestros directores y colaboradores garantizan el crecimiento y \u00e9xito de nuestra empresa brindando la mejor soluci\u00f3n para cada uno de nuestros clientes","og_url":"https:\/\/duransilvasamano.com\/en\/noticias-fiscales-2022-79-acuerdo-por-el-que-se-da-a-conocer-el-horario-de-guardias-en-las-oficialias-de-partes-del-tfja-para-el-primer-periodo-vacacional-del-ano-2022\/","og_site_name":"Duran Silva Samano","article_published_time":"2022-07-22T15:16:44+00:00","article_modified_time":"2022-07-22T15:16:51+00:00","og_image":[{"url":"https:\/\/duransilvasamano.com\/wp-content\/uploads\/2022\/07\/image-30.png","type":"","width":"","height":""}],"author":"DuranAdmin","twitter_card":"summary_large_image","twitter_misc":{"Written by":"DuranAdmin","Est. reading time":"1 minute"},"schema":{"@context":"https:\/\/schema.org","@graph":[{"@type":"Article","@id":"https:\/\/duransilvasamano.com\/noticias-fiscales-2022-79-acuerdo-por-el-que-se-da-a-conocer-el-horario-de-guardias-en-las-oficialias-de-partes-del-tfja-para-el-primer-periodo-vacacional-del-ano-2022\/#article","isPartOf":{"@id":"https:\/\/duransilvasamano.com\/noticias-fiscales-2022-79-acuerdo-por-el-que-se-da-a-conocer-el-horario-de-guardias-en-las-oficialias-de-partes-del-tfja-para-el-primer-periodo-vacacional-del-ano-2022\/"},"author":{"name":"DuranAdmin","@id":"https:\/\/duransilvasamano.com\/#\/schema\/person\/5f510d0c223844992a489653dbf80ea6"},"headline":"NOTICIAS-FISCALES-2022-79 Acuerdo por el que se da a conocer el horario de guardias en las Oficial\u00edas de Partes del TFJA para el primer periodo vacacional del a\u00f1o 2022","datePublished":"2022-07-22T15:16:44+00:00","dateModified":"2022-07-22T15:16:51+00:00","mainEntityOfPage":{"@id":"https:\/\/duransilvasamano.com\/noticias-fiscales-2022-79-acuerdo-por-el-que-se-da-a-conocer-el-horario-de-guardias-en-las-oficialias-de-partes-del-tfja-para-el-primer-periodo-vacacional-del-ano-2022\/"},"wordCount":150,"commentCount":0,"publisher":{"@id":"https:\/\/duransilvasamano.com\/#organization"},"image":{"@id":"https:\/\/duransilvasamano.com\/noticias-fiscales-2022-79-acuerdo-por-el-que-se-da-a-conocer-el-horario-de-guardias-en-las-oficialias-de-partes-del-tfja-para-el-primer-periodo-vacacional-del-ano-2022\/#primaryimage"},"thumbnailUrl":"https:\/\/duransilvasamano.com\/wp-content\/uploads\/2022\/07\/image-30.png","articleSection":["Sin categor\u00eda"],"inLanguage":"en-US","potentialAction":[{"@type":"CommentAction","name":"Comment","target":["https:\/\/duransilvasamano.com\/noticias-fiscales-2022-79-acuerdo-por-el-que-se-da-a-conocer-el-horario-de-guardias-en-las-oficialias-de-partes-del-tfja-para-el-primer-periodo-vacacional-del-ano-2022\/#respond"]}]},{"@type":"WebPage","@id":"https:\/\/duransilvasamano.com\/noticias-fiscales-2022-79-acuerdo-por-el-que-se-da-a-conocer-el-horario-de-guardias-en-las-oficialias-de-partes-del-tfja-para-el-primer-periodo-vacacional-del-ano-2022\/","url":"https:\/\/duransilvasamano.com\/noticias-fiscales-2022-79-acuerdo-por-el-que-se-da-a-conocer-el-horario-de-guardias-en-las-oficialias-de-partes-del-tfja-para-el-primer-periodo-vacacional-del-ano-2022\/","name":"Contadores p\u00fablico | \u00a0Duran Silva Samano","isPartOf":{"@id":"https:\/\/duransilvasamano.com\/#website"},"primaryImageOfPage":{"@id":"https:\/\/duransilvasamano.com\/noticias-fiscales-2022-79-acuerdo-por-el-que-se-da-a-conocer-el-horario-de-guardias-en-las-oficialias-de-partes-del-tfja-para-el-primer-periodo-vacacional-del-ano-2022\/#primaryimage"},"image":{"@id":"https:\/\/duransilvasamano.com\/noticias-fiscales-2022-79-acuerdo-por-el-que-se-da-a-conocer-el-horario-de-guardias-en-las-oficialias-de-partes-del-tfja-para-el-primer-periodo-vacacional-del-ano-2022\/#primaryimage"},"thumbnailUrl":"https:\/\/duransilvasamano.com\/wp-content\/uploads\/2022\/07\/image-30.png","datePublished":"2022-07-22T15:16:44+00:00","dateModified":"2022-07-22T15:16:51+00:00","description":"La especializaci\u00f3n de nuestros directores y colaboradores garantizan el crecimiento y \u00e9xito de nuestra empresa brindando la mejor soluci\u00f3n para cada uno de nuestros clientes","breadcrumb":{"@id":"https:\/\/duransilvasamano.com\/noticias-fiscales-2022-79-acuerdo-por-el-que-se-da-a-conocer-el-horario-de-guardias-en-las-oficialias-de-partes-del-tfja-para-el-primer-periodo-vacacional-del-ano-2022\/#breadcrumb"},"inLanguage":"en-US","potentialAction":[{"@type":"ReadAction","target":["https:\/\/duransilvasamano.com\/noticias-fiscales-2022-79-acuerdo-por-el-que-se-da-a-conocer-el-horario-de-guardias-en-las-oficialias-de-partes-del-tfja-para-el-primer-periodo-vacacional-del-ano-2022\/"]}]},{"@type":"ImageObject","inLanguage":"en-US","@id":"https:\/\/duransilvasamano.com\/noticias-fiscales-2022-79-acuerdo-por-el-que-se-da-a-conocer-el-horario-de-guardias-en-las-oficialias-de-partes-del-tfja-para-el-primer-periodo-vacacional-del-ano-2022\/#primaryimage","url":"https:\/\/duransilvasamano.com\/wp-content\/uploads\/2022\/07\/image-30.png","contentUrl":"https:\/\/duransilvasamano.com\/wp-content\/uploads\/2022\/07\/image-30.png"},{"@type":"BreadcrumbList","@id":"https:\/\/duransilvasamano.com\/noticias-fiscales-2022-79-acuerdo-por-el-que-se-da-a-conocer-el-horario-de-guardias-en-las-oficialias-de-partes-del-tfja-para-el-primer-periodo-vacacional-del-ano-2022\/#breadcrumb","itemListElement":[{"@type":"ListItem","position":1,"name":"Inicio","item":"https:\/\/duransilvasamano.com\/"},{"@type":"ListItem","position":2,"name":"NOTICIAS-FISCALES-2022-79 Acuerdo por el que se da a conocer el horario de guardias en las Oficial\u00edas de Partes del TFJA para el primer periodo vacacional del a\u00f1o 2022"}]},{"@type":"WebSite","@id":"https:\/\/duransilvasamano.com\/#website","url":"https:\/\/duransilvasamano.com\/","name":"Duran Silva Samano","description":"Contadores p\u00fablicos","publisher":{"@id":"https:\/\/duransilvasamano.com\/#organization"},"potentialAction":[{"@type":"SearchAction","target":{"@type":"EntryPoint","urlTemplate":"https:\/\/duransilvasamano.com\/?s={search_term_string}"},"query-input":{"@type":"PropertyValueSpecification","valueRequired":true,"valueName":"search_term_string"}}],"inLanguage":"en-US"},{"@type":"Organization","@id":"https:\/\/duransilvasamano.com\/#organization","name":"Duran Silva Samano","url":"https:\/\/duransilvasamano.com\/","logo":{"@type":"ImageObject","inLanguage":"en-US","@id":"https:\/\/duransilvasamano.com\/#\/schema\/logo\/image\/","url":"https:\/\/duransilvasamano.com\/wp-content\/uploads\/2022\/02\/cropped-duran-silva-samano-2.png","contentUrl":"https:\/\/duransilvasamano.com\/wp-content\/uploads\/2022\/02\/cropped-duran-silva-samano-2.png","width":197,"height":75,"caption":"Duran Silva Samano"},"image":{"@id":"https:\/\/duransilvasamano.com\/#\/schema\/logo\/image\/"}},{"@type":"Person","@id":"https:\/\/duransilvasamano.com\/#\/schema\/person\/5f510d0c223844992a489653dbf80ea6","name":"DuranAdmin","url":"https:\/\/duransilvasamano.com\/en\/author\/duranadmin\/"}]}},"_links":{"self":[{"href":"https:\/\/duransilvasamano.com\/en\/wp-json\/wp\/v2\/posts\/2082","targetHints":{"allow":["GET"]}}],"collection":[{"href":"https:\/\/duransilvasamano.com\/en\/wp-json\/wp\/v2\/posts"}],"about":[{"href":"https:\/\/duransilvasamano.com\/en\/wp-json\/wp\/v2\/types\/post"}],"author":[{"embeddable":true,"href":"https:\/\/duransilvasamano.com\/en\/wp-json\/wp\/v2\/users\/2"}],"replies":[{"embeddable":true,"href":"https:\/\/duransilvasamano.com\/en\/wp-json\/wp\/v2\/comments?post=2082"}],"version-history":[{"count":1,"href":"https:\/\/duransilvasamano.com\/en\/wp-json\/wp\/v2\/posts\/2082\/revisions"}],"predecessor-version":[{"id":2084,"href":"https:\/\/duransilvasamano.com\/en\/wp-json\/wp\/v2\/posts\/2082\/revisions\/2084"}],"wp:attachment":[{"href":"https:\/\/duransilvasamano.com\/en\/wp-json\/wp\/v2\/media?parent=2082"}],"wp:term":[{"taxonomy":"category","embeddable":true,"href":"https:\/\/duransilvasamano.com\/en\/wp-json\/wp\/v2\/categories?post=2082"},{"taxonomy":"post_tag","embeddable":true,"href":"https:\/\/duransilvasamano.com\/en\/wp-json\/wp\/v2\/tags?post=2082"}],"curies":[{"name":"wp","href":"https:\/\/api.w.org\/{rel}","templated":true}]}}