{"id":1756,"date":"2022-05-25T19:08:01","date_gmt":"2022-05-25T19:08:01","guid":{"rendered":"https:\/\/duransilvasamano.com\/?p=1756"},"modified":"2022-05-25T19:08:03","modified_gmt":"2022-05-25T19:08:03","slug":"noticias-fiscales-2022-68-decreto-por-el-que-se-reforman-adicionan-y-derogan-diversas-disposiciones-del-decreto-por-el-que-se-reforman-y-adicionan-diversas-disposiciones-del-reglamento-inter","status":"publish","type":"post","link":"https:\/\/duransilvasamano.com\/en\/noticias-fiscales-2022-68-decreto-por-el-que-se-reforman-adicionan-y-derogan-diversas-disposiciones-del-decreto-por-el-que-se-reforman-y-adicionan-diversas-disposiciones-del-reglamento-inter\/","title":{"rendered":"NOTICIAS-FISCALES-2022-68 Decreto por el que se reforman, adicionan y derogan diversas disposiciones del \u201cDecreto por el que se reforman y adicionan diversas disposiciones del Reglamento Interior de la SHCP y del RISAT, y por el que se expide el Reglamento Interior de la Agencia Nacional de Aduanas de M\u00e9xico\u201d"},"content":{"rendered":"<p>25\/May\/2022<\/p>\n\n\n\n<hr class=\"wp-block-separator has-alpha-channel-opacity\"\/>\n\n\n\n<p>La Secretar\u00eda de Hacienda y Cr\u00e9dito P\u00fablico dio a conocer el d\u00eda de hoy (24 de mayo) a trav\u00e9s del Diario Oficial de la Federaci\u00f3n (DOF), el &nbsp;Decreto por el que se reforman, adicionan y derogan diversas disposiciones del \u201cDecreto por el que se reforman y adicionan diversas disposiciones del Reglamento Interior de la Secretar\u00eda de Hacienda y Cr\u00e9dito P\u00fablico y del Reglamento Interior del Servicio de Administraci\u00f3n Tributaria, y por el que se expide el Reglamento Interior de la Agencia Nacional de Aduanas de M\u00e9xico\u201d, publicado el 21 de diciembre de 2021.<\/p>\n\n\n\n<p>El presente Decreto entrar\u00e1 en vigor al d\u00eda siguiente de su publicaci\u00f3n en el DOF.<\/p>\n\n\n\n<p>La Secretar\u00eda de la Defensa Nacional deber\u00e1 llevar a cabo los actos administrativos necesarios para la transferencia de los recursos humanos, materiales y financieros necesarios para la creaci\u00f3n de la plaza de la persona titular de la Direcci\u00f3n General de Procesamiento Electr\u00f3nico de Datos Aduaneros prevista en este Decreto. Dicha transferencia deber\u00e1 realizarse mediante movimientos compensados conforme a las disposiciones jur\u00eddicas aplicables, por lo que las erogaciones que se generen con motivo de la entrada en vigor del presente Decreto se realizar\u00e1n con cargo al presupuesto autorizado a los ejecutores de gasto correspondientes y no se autorizar\u00e1n recursos adicionales.<\/p>\n\n\n\n<p>Descarga el archivo,&nbsp;<a href=\"https:\/\/imcp.org.mx\/wp-content\/uploads\/2022\/05\/NOTICIAS-FISCALES-2022-68.pdf\">aqu\u00ed.<\/a><\/p>\n\n\n\n<p>Descarga el anexo,\u00a0<a href=\"https:\/\/imcp.org.mx\/wp-content\/uploads\/2022\/05\/ANEXO-NOTICIAS-FISCALES-2022-68.pdf\">aqu\u00ed.<\/a><\/p>\n\n\n\n<figure class=\"wp-block-image size-full\"><img decoding=\"async\" width=\"300\" height=\"71\" src=\"https:\/\/duransilvasamano.com\/wp-content\/uploads\/2022\/05\/image-21.png\" alt=\"\" class=\"wp-image-1757\" srcset=\"https:\/\/duransilvasamano.com\/wp-content\/uploads\/2022\/05\/image-21.png 300w, https:\/\/duransilvasamano.com\/wp-content\/uploads\/2022\/05\/image-21-18x4.png 18w\" sizes=\"(max-width: 300px) 100vw, 300px\" \/><\/figure>","protected":false},"excerpt":{"rendered":"<p>25\/May\/2022 La Secretar\u00eda de Hacienda y Cr\u00e9dito P\u00fablico dio a conocer el d\u00eda de hoy (24 de mayo) a trav\u00e9s del Diario Oficial de la Federaci\u00f3n (DOF), el &nbsp;Decreto por el que se reforman, adicionan y derogan diversas disposiciones del \u201cDecreto por el que se reforman y adicionan diversas disposiciones del Reglamento Interior de la [&hellip;]<\/p>","protected":false},"author":2,"featured_media":0,"comment_status":"open","ping_status":"closed","sticky":false,"template":"","format":"standard","meta":{"footnotes":""},"categories":[1],"tags":[],"class_list":["post-1756","post","type-post","status-publish","format-standard","hentry","category-sin-categoria"],"yoast_head":"<!-- This site is optimized with the Yoast SEO plugin v26.5 - https:\/\/yoast.com\/wordpress\/plugins\/seo\/ -->\n<title>Contadores p\u00fablico | \u00a0Duran Silva Samano<\/title>\n<meta name=\"description\" content=\"La especializaci\u00f3n de nuestros directores y colaboradores garantizan el crecimiento y \u00e9xito de nuestra empresa brindando la mejor soluci\u00f3n para cada uno de nuestros clientes\" \/>\n<meta name=\"robots\" content=\"index, follow, max-snippet:-1, max-image-preview:large, max-video-preview:-1\" \/>\n<link rel=\"canonical\" href=\"https:\/\/duransilvasamano.com\/en\/noticias-fiscales-2022-68-decreto-por-el-que-se-reforman-adicionan-y-derogan-diversas-disposiciones-del-decreto-por-el-que-se-reforman-y-adicionan-diversas-disposiciones-del-reglamento-inter\/\" \/>\n<meta property=\"og:locale\" content=\"en_US\" \/>\n<meta property=\"og:type\" content=\"article\" \/>\n<meta property=\"og:title\" content=\"Contadores p\u00fablico | \u00a0Duran Silva Samano\" \/>\n<meta property=\"og:description\" content=\"La especializaci\u00f3n de nuestros directores y colaboradores garantizan el crecimiento y \u00e9xito de nuestra empresa brindando la mejor soluci\u00f3n para cada uno de nuestros clientes\" \/>\n<meta property=\"og:url\" content=\"https:\/\/duransilvasamano.com\/en\/noticias-fiscales-2022-68-decreto-por-el-que-se-reforman-adicionan-y-derogan-diversas-disposiciones-del-decreto-por-el-que-se-reforman-y-adicionan-diversas-disposiciones-del-reglamento-inter\/\" \/>\n<meta property=\"og:site_name\" content=\"Duran Silva Samano\" \/>\n<meta property=\"article:published_time\" content=\"2022-05-25T19:08:01+00:00\" \/>\n<meta property=\"article:modified_time\" content=\"2022-05-25T19:08:03+00:00\" \/>\n<meta property=\"og:image\" content=\"https:\/\/duransilvasamano.com\/wp-content\/uploads\/2022\/05\/image-21.png\" \/>\n<meta name=\"author\" content=\"DuranAdmin\" \/>\n<meta name=\"twitter:card\" content=\"summary_large_image\" \/>\n<meta name=\"twitter:label1\" content=\"Written by\" \/>\n\t<meta name=\"twitter:data1\" content=\"DuranAdmin\" \/>\n\t<meta name=\"twitter:label2\" content=\"Est. reading time\" \/>\n\t<meta name=\"twitter:data2\" content=\"2 minutes\" \/>\n<script type=\"application\/ld+json\" class=\"yoast-schema-graph\">{\"@context\":\"https:\/\/schema.org\",\"@graph\":[{\"@type\":\"Article\",\"@id\":\"https:\/\/duransilvasamano.com\/noticias-fiscales-2022-68-decreto-por-el-que-se-reforman-adicionan-y-derogan-diversas-disposiciones-del-decreto-por-el-que-se-reforman-y-adicionan-diversas-disposiciones-del-reglamento-inter\/#article\",\"isPartOf\":{\"@id\":\"https:\/\/duransilvasamano.com\/noticias-fiscales-2022-68-decreto-por-el-que-se-reforman-adicionan-y-derogan-diversas-disposiciones-del-decreto-por-el-que-se-reforman-y-adicionan-diversas-disposiciones-del-reglamento-inter\/\"},\"author\":{\"name\":\"DuranAdmin\",\"@id\":\"https:\/\/duransilvasamano.com\/#\/schema\/person\/5f510d0c223844992a489653dbf80ea6\"},\"headline\":\"NOTICIAS-FISCALES-2022-68 Decreto por el que se reforman, adicionan y derogan diversas disposiciones del \u201cDecreto por el que se reforman y adicionan diversas disposiciones del Reglamento Interior de la SHCP y del RISAT, y por el que se expide el Reglamento Interior de la Agencia Nacional de Aduanas de M\u00e9xico\u201d\",\"datePublished\":\"2022-05-25T19:08:01+00:00\",\"dateModified\":\"2022-05-25T19:08:03+00:00\",\"mainEntityOfPage\":{\"@id\":\"https:\/\/duransilvasamano.com\/noticias-fiscales-2022-68-decreto-por-el-que-se-reforman-adicionan-y-derogan-diversas-disposiciones-del-decreto-por-el-que-se-reforman-y-adicionan-diversas-disposiciones-del-reglamento-inter\/\"},\"wordCount\":286,\"commentCount\":0,\"publisher\":{\"@id\":\"https:\/\/duransilvasamano.com\/#organization\"},\"image\":{\"@id\":\"https:\/\/duransilvasamano.com\/noticias-fiscales-2022-68-decreto-por-el-que-se-reforman-adicionan-y-derogan-diversas-disposiciones-del-decreto-por-el-que-se-reforman-y-adicionan-diversas-disposiciones-del-reglamento-inter\/#primaryimage\"},\"thumbnailUrl\":\"https:\/\/duransilvasamano.com\/wp-content\/uploads\/2022\/05\/image-21.png\",\"articleSection\":[\"Sin categor\u00eda\"],\"inLanguage\":\"en-US\",\"potentialAction\":[{\"@type\":\"CommentAction\",\"name\":\"Comment\",\"target\":[\"https:\/\/duransilvasamano.com\/noticias-fiscales-2022-68-decreto-por-el-que-se-reforman-adicionan-y-derogan-diversas-disposiciones-del-decreto-por-el-que-se-reforman-y-adicionan-diversas-disposiciones-del-reglamento-inter\/#respond\"]}]},{\"@type\":\"WebPage\",\"@id\":\"https:\/\/duransilvasamano.com\/noticias-fiscales-2022-68-decreto-por-el-que-se-reforman-adicionan-y-derogan-diversas-disposiciones-del-decreto-por-el-que-se-reforman-y-adicionan-diversas-disposiciones-del-reglamento-inter\/\",\"url\":\"https:\/\/duransilvasamano.com\/noticias-fiscales-2022-68-decreto-por-el-que-se-reforman-adicionan-y-derogan-diversas-disposiciones-del-decreto-por-el-que-se-reforman-y-adicionan-diversas-disposiciones-del-reglamento-inter\/\",\"name\":\"Contadores p\u00fablico | \u00a0Duran Silva Samano\",\"isPartOf\":{\"@id\":\"https:\/\/duransilvasamano.com\/#website\"},\"primaryImageOfPage\":{\"@id\":\"https:\/\/duransilvasamano.com\/noticias-fiscales-2022-68-decreto-por-el-que-se-reforman-adicionan-y-derogan-diversas-disposiciones-del-decreto-por-el-que-se-reforman-y-adicionan-diversas-disposiciones-del-reglamento-inter\/#primaryimage\"},\"image\":{\"@id\":\"https:\/\/duransilvasamano.com\/noticias-fiscales-2022-68-decreto-por-el-que-se-reforman-adicionan-y-derogan-diversas-disposiciones-del-decreto-por-el-que-se-reforman-y-adicionan-diversas-disposiciones-del-reglamento-inter\/#primaryimage\"},\"thumbnailUrl\":\"https:\/\/duransilvasamano.com\/wp-content\/uploads\/2022\/05\/image-21.png\",\"datePublished\":\"2022-05-25T19:08:01+00:00\",\"dateModified\":\"2022-05-25T19:08:03+00:00\",\"description\":\"La especializaci\u00f3n de nuestros directores y colaboradores garantizan el crecimiento y \u00e9xito de nuestra empresa brindando la mejor soluci\u00f3n para cada uno de nuestros clientes\",\"breadcrumb\":{\"@id\":\"https:\/\/duransilvasamano.com\/noticias-fiscales-2022-68-decreto-por-el-que-se-reforman-adicionan-y-derogan-diversas-disposiciones-del-decreto-por-el-que-se-reforman-y-adicionan-diversas-disposiciones-del-reglamento-inter\/#breadcrumb\"},\"inLanguage\":\"en-US\",\"potentialAction\":[{\"@type\":\"ReadAction\",\"target\":[\"https:\/\/duransilvasamano.com\/noticias-fiscales-2022-68-decreto-por-el-que-se-reforman-adicionan-y-derogan-diversas-disposiciones-del-decreto-por-el-que-se-reforman-y-adicionan-diversas-disposiciones-del-reglamento-inter\/\"]}]},{\"@type\":\"ImageObject\",\"inLanguage\":\"en-US\",\"@id\":\"https:\/\/duransilvasamano.com\/noticias-fiscales-2022-68-decreto-por-el-que-se-reforman-adicionan-y-derogan-diversas-disposiciones-del-decreto-por-el-que-se-reforman-y-adicionan-diversas-disposiciones-del-reglamento-inter\/#primaryimage\",\"url\":\"https:\/\/duransilvasamano.com\/wp-content\/uploads\/2022\/05\/image-21.png\",\"contentUrl\":\"https:\/\/duransilvasamano.com\/wp-content\/uploads\/2022\/05\/image-21.png\"},{\"@type\":\"BreadcrumbList\",\"@id\":\"https:\/\/duransilvasamano.com\/noticias-fiscales-2022-68-decreto-por-el-que-se-reforman-adicionan-y-derogan-diversas-disposiciones-del-decreto-por-el-que-se-reforman-y-adicionan-diversas-disposiciones-del-reglamento-inter\/#breadcrumb\",\"itemListElement\":[{\"@type\":\"ListItem\",\"position\":1,\"name\":\"Inicio\",\"item\":\"https:\/\/duransilvasamano.com\/\"},{\"@type\":\"ListItem\",\"position\":2,\"name\":\"NOTICIAS-FISCALES-2022-68 Decreto por el que se reforman, adicionan y derogan diversas disposiciones del \u201cDecreto por el que se reforman y adicionan diversas disposiciones del Reglamento Interior de la SHCP y del RISAT, y por el que se expide el Reglamento Interior de la Agencia Nacional de Aduanas de M\u00e9xico\u201d\"}]},{\"@type\":\"WebSite\",\"@id\":\"https:\/\/duransilvasamano.com\/#website\",\"url\":\"https:\/\/duransilvasamano.com\/\",\"name\":\"Duran Silva Samano\",\"description\":\"Contadores p\u00fablicos\",\"publisher\":{\"@id\":\"https:\/\/duransilvasamano.com\/#organization\"},\"potentialAction\":[{\"@type\":\"SearchAction\",\"target\":{\"@type\":\"EntryPoint\",\"urlTemplate\":\"https:\/\/duransilvasamano.com\/?s={search_term_string}\"},\"query-input\":{\"@type\":\"PropertyValueSpecification\",\"valueRequired\":true,\"valueName\":\"search_term_string\"}}],\"inLanguage\":\"en-US\"},{\"@type\":\"Organization\",\"@id\":\"https:\/\/duransilvasamano.com\/#organization\",\"name\":\"Duran Silva Samano\",\"url\":\"https:\/\/duransilvasamano.com\/\",\"logo\":{\"@type\":\"ImageObject\",\"inLanguage\":\"en-US\",\"@id\":\"https:\/\/duransilvasamano.com\/#\/schema\/logo\/image\/\",\"url\":\"https:\/\/duransilvasamano.com\/wp-content\/uploads\/2022\/02\/cropped-duran-silva-samano-2.png\",\"contentUrl\":\"https:\/\/duransilvasamano.com\/wp-content\/uploads\/2022\/02\/cropped-duran-silva-samano-2.png\",\"width\":197,\"height\":75,\"caption\":\"Duran Silva Samano\"},\"image\":{\"@id\":\"https:\/\/duransilvasamano.com\/#\/schema\/logo\/image\/\"}},{\"@type\":\"Person\",\"@id\":\"https:\/\/duransilvasamano.com\/#\/schema\/person\/5f510d0c223844992a489653dbf80ea6\",\"name\":\"DuranAdmin\",\"url\":\"https:\/\/duransilvasamano.com\/en\/author\/duranadmin\/\"}]}<\/script>\n<!-- \/ Yoast SEO plugin. -->","yoast_head_json":{"title":"Contadores p\u00fablico | \u00a0Duran Silva Samano","description":"La especializaci\u00f3n de nuestros directores y colaboradores garantizan el crecimiento y \u00e9xito de nuestra empresa brindando la mejor soluci\u00f3n para cada uno de nuestros clientes","robots":{"index":"index","follow":"follow","max-snippet":"max-snippet:-1","max-image-preview":"max-image-preview:large","max-video-preview":"max-video-preview:-1"},"canonical":"https:\/\/duransilvasamano.com\/en\/noticias-fiscales-2022-68-decreto-por-el-que-se-reforman-adicionan-y-derogan-diversas-disposiciones-del-decreto-por-el-que-se-reforman-y-adicionan-diversas-disposiciones-del-reglamento-inter\/","og_locale":"en_US","og_type":"article","og_title":"Contadores p\u00fablico | \u00a0Duran Silva Samano","og_description":"La especializaci\u00f3n de nuestros directores y colaboradores garantizan el crecimiento y \u00e9xito de nuestra empresa brindando la mejor soluci\u00f3n para cada uno de nuestros clientes","og_url":"https:\/\/duransilvasamano.com\/en\/noticias-fiscales-2022-68-decreto-por-el-que-se-reforman-adicionan-y-derogan-diversas-disposiciones-del-decreto-por-el-que-se-reforman-y-adicionan-diversas-disposiciones-del-reglamento-inter\/","og_site_name":"Duran Silva Samano","article_published_time":"2022-05-25T19:08:01+00:00","article_modified_time":"2022-05-25T19:08:03+00:00","og_image":[{"url":"https:\/\/duransilvasamano.com\/wp-content\/uploads\/2022\/05\/image-21.png","type":"","width":"","height":""}],"author":"DuranAdmin","twitter_card":"summary_large_image","twitter_misc":{"Written by":"DuranAdmin","Est. reading time":"2 minutes"},"schema":{"@context":"https:\/\/schema.org","@graph":[{"@type":"Article","@id":"https:\/\/duransilvasamano.com\/noticias-fiscales-2022-68-decreto-por-el-que-se-reforman-adicionan-y-derogan-diversas-disposiciones-del-decreto-por-el-que-se-reforman-y-adicionan-diversas-disposiciones-del-reglamento-inter\/#article","isPartOf":{"@id":"https:\/\/duransilvasamano.com\/noticias-fiscales-2022-68-decreto-por-el-que-se-reforman-adicionan-y-derogan-diversas-disposiciones-del-decreto-por-el-que-se-reforman-y-adicionan-diversas-disposiciones-del-reglamento-inter\/"},"author":{"name":"DuranAdmin","@id":"https:\/\/duransilvasamano.com\/#\/schema\/person\/5f510d0c223844992a489653dbf80ea6"},"headline":"NOTICIAS-FISCALES-2022-68 Decreto por el que se reforman, adicionan y derogan diversas disposiciones del \u201cDecreto por el que se reforman y adicionan diversas disposiciones del Reglamento Interior de la SHCP y del RISAT, y por el que se expide el Reglamento Interior de la Agencia Nacional de Aduanas de M\u00e9xico\u201d","datePublished":"2022-05-25T19:08:01+00:00","dateModified":"2022-05-25T19:08:03+00:00","mainEntityOfPage":{"@id":"https:\/\/duransilvasamano.com\/noticias-fiscales-2022-68-decreto-por-el-que-se-reforman-adicionan-y-derogan-diversas-disposiciones-del-decreto-por-el-que-se-reforman-y-adicionan-diversas-disposiciones-del-reglamento-inter\/"},"wordCount":286,"commentCount":0,"publisher":{"@id":"https:\/\/duransilvasamano.com\/#organization"},"image":{"@id":"https:\/\/duransilvasamano.com\/noticias-fiscales-2022-68-decreto-por-el-que-se-reforman-adicionan-y-derogan-diversas-disposiciones-del-decreto-por-el-que-se-reforman-y-adicionan-diversas-disposiciones-del-reglamento-inter\/#primaryimage"},"thumbnailUrl":"https:\/\/duransilvasamano.com\/wp-content\/uploads\/2022\/05\/image-21.png","articleSection":["Sin categor\u00eda"],"inLanguage":"en-US","potentialAction":[{"@type":"CommentAction","name":"Comment","target":["https:\/\/duransilvasamano.com\/noticias-fiscales-2022-68-decreto-por-el-que-se-reforman-adicionan-y-derogan-diversas-disposiciones-del-decreto-por-el-que-se-reforman-y-adicionan-diversas-disposiciones-del-reglamento-inter\/#respond"]}]},{"@type":"WebPage","@id":"https:\/\/duransilvasamano.com\/noticias-fiscales-2022-68-decreto-por-el-que-se-reforman-adicionan-y-derogan-diversas-disposiciones-del-decreto-por-el-que-se-reforman-y-adicionan-diversas-disposiciones-del-reglamento-inter\/","url":"https:\/\/duransilvasamano.com\/noticias-fiscales-2022-68-decreto-por-el-que-se-reforman-adicionan-y-derogan-diversas-disposiciones-del-decreto-por-el-que-se-reforman-y-adicionan-diversas-disposiciones-del-reglamento-inter\/","name":"Contadores p\u00fablico | \u00a0Duran Silva Samano","isPartOf":{"@id":"https:\/\/duransilvasamano.com\/#website"},"primaryImageOfPage":{"@id":"https:\/\/duransilvasamano.com\/noticias-fiscales-2022-68-decreto-por-el-que-se-reforman-adicionan-y-derogan-diversas-disposiciones-del-decreto-por-el-que-se-reforman-y-adicionan-diversas-disposiciones-del-reglamento-inter\/#primaryimage"},"image":{"@id":"https:\/\/duransilvasamano.com\/noticias-fiscales-2022-68-decreto-por-el-que-se-reforman-adicionan-y-derogan-diversas-disposiciones-del-decreto-por-el-que-se-reforman-y-adicionan-diversas-disposiciones-del-reglamento-inter\/#primaryimage"},"thumbnailUrl":"https:\/\/duransilvasamano.com\/wp-content\/uploads\/2022\/05\/image-21.png","datePublished":"2022-05-25T19:08:01+00:00","dateModified":"2022-05-25T19:08:03+00:00","description":"La especializaci\u00f3n de nuestros directores y colaboradores garantizan el crecimiento y \u00e9xito de nuestra empresa brindando la mejor soluci\u00f3n para cada uno de nuestros clientes","breadcrumb":{"@id":"https:\/\/duransilvasamano.com\/noticias-fiscales-2022-68-decreto-por-el-que-se-reforman-adicionan-y-derogan-diversas-disposiciones-del-decreto-por-el-que-se-reforman-y-adicionan-diversas-disposiciones-del-reglamento-inter\/#breadcrumb"},"inLanguage":"en-US","potentialAction":[{"@type":"ReadAction","target":["https:\/\/duransilvasamano.com\/noticias-fiscales-2022-68-decreto-por-el-que-se-reforman-adicionan-y-derogan-diversas-disposiciones-del-decreto-por-el-que-se-reforman-y-adicionan-diversas-disposiciones-del-reglamento-inter\/"]}]},{"@type":"ImageObject","inLanguage":"en-US","@id":"https:\/\/duransilvasamano.com\/noticias-fiscales-2022-68-decreto-por-el-que-se-reforman-adicionan-y-derogan-diversas-disposiciones-del-decreto-por-el-que-se-reforman-y-adicionan-diversas-disposiciones-del-reglamento-inter\/#primaryimage","url":"https:\/\/duransilvasamano.com\/wp-content\/uploads\/2022\/05\/image-21.png","contentUrl":"https:\/\/duransilvasamano.com\/wp-content\/uploads\/2022\/05\/image-21.png"},{"@type":"BreadcrumbList","@id":"https:\/\/duransilvasamano.com\/noticias-fiscales-2022-68-decreto-por-el-que-se-reforman-adicionan-y-derogan-diversas-disposiciones-del-decreto-por-el-que-se-reforman-y-adicionan-diversas-disposiciones-del-reglamento-inter\/#breadcrumb","itemListElement":[{"@type":"ListItem","position":1,"name":"Inicio","item":"https:\/\/duransilvasamano.com\/"},{"@type":"ListItem","position":2,"name":"NOTICIAS-FISCALES-2022-68 Decreto por el que se reforman, adicionan y derogan diversas disposiciones del \u201cDecreto por el que se reforman y adicionan diversas disposiciones del Reglamento Interior de la SHCP y del RISAT, y por el que se expide el Reglamento Interior de la Agencia Nacional de Aduanas de M\u00e9xico\u201d"}]},{"@type":"WebSite","@id":"https:\/\/duransilvasamano.com\/#website","url":"https:\/\/duransilvasamano.com\/","name":"Duran Silva Samano","description":"Contadores p\u00fablicos","publisher":{"@id":"https:\/\/duransilvasamano.com\/#organization"},"potentialAction":[{"@type":"SearchAction","target":{"@type":"EntryPoint","urlTemplate":"https:\/\/duransilvasamano.com\/?s={search_term_string}"},"query-input":{"@type":"PropertyValueSpecification","valueRequired":true,"valueName":"search_term_string"}}],"inLanguage":"en-US"},{"@type":"Organization","@id":"https:\/\/duransilvasamano.com\/#organization","name":"Duran Silva Samano","url":"https:\/\/duransilvasamano.com\/","logo":{"@type":"ImageObject","inLanguage":"en-US","@id":"https:\/\/duransilvasamano.com\/#\/schema\/logo\/image\/","url":"https:\/\/duransilvasamano.com\/wp-content\/uploads\/2022\/02\/cropped-duran-silva-samano-2.png","contentUrl":"https:\/\/duransilvasamano.com\/wp-content\/uploads\/2022\/02\/cropped-duran-silva-samano-2.png","width":197,"height":75,"caption":"Duran Silva Samano"},"image":{"@id":"https:\/\/duransilvasamano.com\/#\/schema\/logo\/image\/"}},{"@type":"Person","@id":"https:\/\/duransilvasamano.com\/#\/schema\/person\/5f510d0c223844992a489653dbf80ea6","name":"DuranAdmin","url":"https:\/\/duransilvasamano.com\/en\/author\/duranadmin\/"}]}},"_links":{"self":[{"href":"https:\/\/duransilvasamano.com\/en\/wp-json\/wp\/v2\/posts\/1756","targetHints":{"allow":["GET"]}}],"collection":[{"href":"https:\/\/duransilvasamano.com\/en\/wp-json\/wp\/v2\/posts"}],"about":[{"href":"https:\/\/duransilvasamano.com\/en\/wp-json\/wp\/v2\/types\/post"}],"author":[{"embeddable":true,"href":"https:\/\/duransilvasamano.com\/en\/wp-json\/wp\/v2\/users\/2"}],"replies":[{"embeddable":true,"href":"https:\/\/duransilvasamano.com\/en\/wp-json\/wp\/v2\/comments?post=1756"}],"version-history":[{"count":1,"href":"https:\/\/duransilvasamano.com\/en\/wp-json\/wp\/v2\/posts\/1756\/revisions"}],"predecessor-version":[{"id":1758,"href":"https:\/\/duransilvasamano.com\/en\/wp-json\/wp\/v2\/posts\/1756\/revisions\/1758"}],"wp:attachment":[{"href":"https:\/\/duransilvasamano.com\/en\/wp-json\/wp\/v2\/media?parent=1756"}],"wp:term":[{"taxonomy":"category","embeddable":true,"href":"https:\/\/duransilvasamano.com\/en\/wp-json\/wp\/v2\/categories?post=1756"},{"taxonomy":"post_tag","embeddable":true,"href":"https:\/\/duransilvasamano.com\/en\/wp-json\/wp\/v2\/tags?post=1756"}],"curies":[{"name":"wp","href":"https:\/\/api.w.org\/{rel}","templated":true}]}}