{"id":1635,"date":"2022-04-28T15:20:22","date_gmt":"2022-04-28T15:20:22","guid":{"rendered":"https:\/\/duransilvasamano.com\/?p=1635"},"modified":"2022-04-28T15:20:27","modified_gmt":"2022-04-28T15:20:27","slug":"boletin-de-noticias-de-sindicos-2022-12-10-consecuencias-por-el-incumplimiento-de-la-presentacion-de-la-declaracion-anual-de-personas-fisicas","status":"publish","type":"post","link":"https:\/\/duransilvasamano.com\/en\/boletin-de-noticias-de-sindicos-2022-12-10-consecuencias-por-el-incumplimiento-de-la-presentacion-de-la-declaracion-anual-de-personas-fisicas\/","title":{"rendered":"Bolet\u00edn de Noticias de S\u00edndicos 2022 \u2013 12 10 Consecuencias por el incumplimiento de la presentaci\u00f3n de la declaraci\u00f3n anual de personas f\u00edsicas"},"content":{"rendered":"<p>28\/Abr\/2022<\/p>\n\n\n\n<hr class=\"wp-block-separator\"\/>\n\n\n\n<p>Se encuentra pr\u00f3ximo el vencimiento para las personas f\u00edsicas para cumplir con la obligaci\u00f3n de presentar su declaraci\u00f3n anual correspondiente al ejercicio 2021, por lo que es importante considerar algunas de las situaciones y consecuencias que puede ocasionar el incumplimiento de esta obligaci\u00f3n y, en su caso, del pago del impuesto a cargo, ya que la fecha l\u00edmite para cumplir es el 2 de mayo de 2022.<\/p>\n\n\n\n<p>Entre las consecuencias se encuentran:<\/p>\n\n\n\n<p>1. Pago de intereses al fisco.<br>2. Aplicaci\u00f3n de multas.<br>3. Opini\u00f3n de cumplimiento de obligaciones fiscales negativa(32-D).<br>4. Restricci\u00f3n temporal del uso del certificado de sello digital.<br>5. Cancelaci\u00f3n definitiva del certificado de sello digital.<br>6. Programas de vigilancia profunda.<br>7. Negativa de e firma y CSD para las personas morales.<br>8. Restricci\u00f3n temporal del uso del certificado de sello digital para las personas morales.<br>9. P\u00e9rdida de facilidades fiscales.<br>10. Ingresos exentos como gravados.<\/p>\n\n\n\n<p>Descarga la rese\u00f1a&nbsp;<a href=\"https:\/\/imcp.org.mx\/wp-content\/uploads\/2022\/04\/Boleti%CC%81n-Si%CC%81ndicos_12-1.pdf\">aqu\u00ed<\/a>.<\/p>\n\n\n\n<p>Descarga el anexo&nbsp;<a href=\"https:\/\/imcp.org.mx\/wp-content\/uploads\/2022\/04\/Anexo-Boleti%CC%81n-Si%CC%81ndicos_12.pdf\">aqu\u00ed<\/a>.<\/p>\n\n\n\n<figure class=\"wp-block-image\"><img decoding=\"async\" src=\"https:\/\/imcp.org.mx\/wp-content\/themes\/IMCP2016\/img\/bgs\/logo_imcp_horizontal.png\" alt=\"IMCP\"\/><\/figure>","protected":false},"excerpt":{"rendered":"<p>28\/Abr\/2022 Se encuentra pr\u00f3ximo el vencimiento para las personas f\u00edsicas para cumplir con la obligaci\u00f3n de presentar su declaraci\u00f3n anual correspondiente al ejercicio 2021, por lo que es importante considerar algunas de las situaciones y consecuencias que puede ocasionar el incumplimiento de esta obligaci\u00f3n y, en su caso, del pago del impuesto a cargo, ya [&hellip;]<\/p>","protected":false},"author":2,"featured_media":0,"comment_status":"open","ping_status":"closed","sticky":false,"template":"","format":"standard","meta":{"footnotes":""},"categories":[1],"tags":[],"class_list":["post-1635","post","type-post","status-publish","format-standard","hentry","category-sin-categoria"],"yoast_head":"<!-- This site is optimized with the Yoast SEO plugin v26.5 - https:\/\/yoast.com\/wordpress\/plugins\/seo\/ -->\n<title>Contadores p\u00fablico | \u00a0Duran Silva Samano<\/title>\n<meta name=\"description\" content=\"La especializaci\u00f3n de nuestros directores y colaboradores garantizan el crecimiento y \u00e9xito de nuestra empresa brindando la mejor soluci\u00f3n para cada uno de nuestros clientes\" \/>\n<meta name=\"robots\" content=\"index, follow, max-snippet:-1, max-image-preview:large, max-video-preview:-1\" \/>\n<link rel=\"canonical\" href=\"https:\/\/duransilvasamano.com\/en\/boletin-de-noticias-de-sindicos-2022-12-10-consecuencias-por-el-incumplimiento-de-la-presentacion-de-la-declaracion-anual-de-personas-fisicas\/\" \/>\n<meta property=\"og:locale\" content=\"en_US\" \/>\n<meta property=\"og:type\" content=\"article\" \/>\n<meta property=\"og:title\" content=\"Contadores p\u00fablico | \u00a0Duran Silva Samano\" \/>\n<meta property=\"og:description\" content=\"La especializaci\u00f3n de nuestros directores y colaboradores garantizan el crecimiento y \u00e9xito de nuestra empresa brindando la mejor soluci\u00f3n para cada uno de nuestros clientes\" \/>\n<meta property=\"og:url\" content=\"https:\/\/duransilvasamano.com\/en\/boletin-de-noticias-de-sindicos-2022-12-10-consecuencias-por-el-incumplimiento-de-la-presentacion-de-la-declaracion-anual-de-personas-fisicas\/\" \/>\n<meta property=\"og:site_name\" content=\"Duran Silva Samano\" \/>\n<meta property=\"article:published_time\" content=\"2022-04-28T15:20:22+00:00\" \/>\n<meta property=\"article:modified_time\" content=\"2022-04-28T15:20:27+00:00\" \/>\n<meta property=\"og:image\" content=\"https:\/\/imcp.org.mx\/wp-content\/themes\/IMCP2016\/img\/bgs\/logo_imcp_horizontal.png\" \/>\n<meta name=\"author\" content=\"DuranAdmin\" \/>\n<meta name=\"twitter:card\" content=\"summary_large_image\" \/>\n<meta name=\"twitter:label1\" content=\"Written by\" \/>\n\t<meta name=\"twitter:data1\" content=\"DuranAdmin\" \/>\n\t<meta name=\"twitter:label2\" content=\"Est. reading time\" \/>\n\t<meta name=\"twitter:data2\" content=\"1 minute\" \/>\n<script type=\"application\/ld+json\" class=\"yoast-schema-graph\">{\"@context\":\"https:\/\/schema.org\",\"@graph\":[{\"@type\":\"Article\",\"@id\":\"https:\/\/duransilvasamano.com\/boletin-de-noticias-de-sindicos-2022-12-10-consecuencias-por-el-incumplimiento-de-la-presentacion-de-la-declaracion-anual-de-personas-fisicas\/#article\",\"isPartOf\":{\"@id\":\"https:\/\/duransilvasamano.com\/boletin-de-noticias-de-sindicos-2022-12-10-consecuencias-por-el-incumplimiento-de-la-presentacion-de-la-declaracion-anual-de-personas-fisicas\/\"},\"author\":{\"name\":\"DuranAdmin\",\"@id\":\"https:\/\/duransilvasamano.com\/#\/schema\/person\/5f510d0c223844992a489653dbf80ea6\"},\"headline\":\"Bolet\u00edn de Noticias de S\u00edndicos 2022 \u2013 12 10 Consecuencias por el incumplimiento de la presentaci\u00f3n de la declaraci\u00f3n anual de personas f\u00edsicas\",\"datePublished\":\"2022-04-28T15:20:22+00:00\",\"dateModified\":\"2022-04-28T15:20:27+00:00\",\"mainEntityOfPage\":{\"@id\":\"https:\/\/duransilvasamano.com\/boletin-de-noticias-de-sindicos-2022-12-10-consecuencias-por-el-incumplimiento-de-la-presentacion-de-la-declaracion-anual-de-personas-fisicas\/\"},\"wordCount\":184,\"commentCount\":0,\"publisher\":{\"@id\":\"https:\/\/duransilvasamano.com\/#organization\"},\"image\":{\"@id\":\"https:\/\/duransilvasamano.com\/boletin-de-noticias-de-sindicos-2022-12-10-consecuencias-por-el-incumplimiento-de-la-presentacion-de-la-declaracion-anual-de-personas-fisicas\/#primaryimage\"},\"thumbnailUrl\":\"https:\/\/imcp.org.mx\/wp-content\/themes\/IMCP2016\/img\/bgs\/logo_imcp_horizontal.png\",\"articleSection\":[\"Sin categor\u00eda\"],\"inLanguage\":\"en-US\",\"potentialAction\":[{\"@type\":\"CommentAction\",\"name\":\"Comment\",\"target\":[\"https:\/\/duransilvasamano.com\/boletin-de-noticias-de-sindicos-2022-12-10-consecuencias-por-el-incumplimiento-de-la-presentacion-de-la-declaracion-anual-de-personas-fisicas\/#respond\"]}]},{\"@type\":\"WebPage\",\"@id\":\"https:\/\/duransilvasamano.com\/boletin-de-noticias-de-sindicos-2022-12-10-consecuencias-por-el-incumplimiento-de-la-presentacion-de-la-declaracion-anual-de-personas-fisicas\/\",\"url\":\"https:\/\/duransilvasamano.com\/boletin-de-noticias-de-sindicos-2022-12-10-consecuencias-por-el-incumplimiento-de-la-presentacion-de-la-declaracion-anual-de-personas-fisicas\/\",\"name\":\"Contadores p\u00fablico | \u00a0Duran Silva Samano\",\"isPartOf\":{\"@id\":\"https:\/\/duransilvasamano.com\/#website\"},\"primaryImageOfPage\":{\"@id\":\"https:\/\/duransilvasamano.com\/boletin-de-noticias-de-sindicos-2022-12-10-consecuencias-por-el-incumplimiento-de-la-presentacion-de-la-declaracion-anual-de-personas-fisicas\/#primaryimage\"},\"image\":{\"@id\":\"https:\/\/duransilvasamano.com\/boletin-de-noticias-de-sindicos-2022-12-10-consecuencias-por-el-incumplimiento-de-la-presentacion-de-la-declaracion-anual-de-personas-fisicas\/#primaryimage\"},\"thumbnailUrl\":\"https:\/\/imcp.org.mx\/wp-content\/themes\/IMCP2016\/img\/bgs\/logo_imcp_horizontal.png\",\"datePublished\":\"2022-04-28T15:20:22+00:00\",\"dateModified\":\"2022-04-28T15:20:27+00:00\",\"description\":\"La especializaci\u00f3n de nuestros directores y colaboradores garantizan el crecimiento y \u00e9xito de nuestra empresa brindando la mejor soluci\u00f3n para cada uno de nuestros clientes\",\"breadcrumb\":{\"@id\":\"https:\/\/duransilvasamano.com\/boletin-de-noticias-de-sindicos-2022-12-10-consecuencias-por-el-incumplimiento-de-la-presentacion-de-la-declaracion-anual-de-personas-fisicas\/#breadcrumb\"},\"inLanguage\":\"en-US\",\"potentialAction\":[{\"@type\":\"ReadAction\",\"target\":[\"https:\/\/duransilvasamano.com\/boletin-de-noticias-de-sindicos-2022-12-10-consecuencias-por-el-incumplimiento-de-la-presentacion-de-la-declaracion-anual-de-personas-fisicas\/\"]}]},{\"@type\":\"ImageObject\",\"inLanguage\":\"en-US\",\"@id\":\"https:\/\/duransilvasamano.com\/boletin-de-noticias-de-sindicos-2022-12-10-consecuencias-por-el-incumplimiento-de-la-presentacion-de-la-declaracion-anual-de-personas-fisicas\/#primaryimage\",\"url\":\"https:\/\/imcp.org.mx\/wp-content\/themes\/IMCP2016\/img\/bgs\/logo_imcp_horizontal.png\",\"contentUrl\":\"https:\/\/imcp.org.mx\/wp-content\/themes\/IMCP2016\/img\/bgs\/logo_imcp_horizontal.png\"},{\"@type\":\"BreadcrumbList\",\"@id\":\"https:\/\/duransilvasamano.com\/boletin-de-noticias-de-sindicos-2022-12-10-consecuencias-por-el-incumplimiento-de-la-presentacion-de-la-declaracion-anual-de-personas-fisicas\/#breadcrumb\",\"itemListElement\":[{\"@type\":\"ListItem\",\"position\":1,\"name\":\"Inicio\",\"item\":\"https:\/\/duransilvasamano.com\/\"},{\"@type\":\"ListItem\",\"position\":2,\"name\":\"Bolet\u00edn de Noticias de S\u00edndicos 2022 \u2013 12 10 Consecuencias por el incumplimiento de la presentaci\u00f3n de la declaraci\u00f3n anual de personas f\u00edsicas\"}]},{\"@type\":\"WebSite\",\"@id\":\"https:\/\/duransilvasamano.com\/#website\",\"url\":\"https:\/\/duransilvasamano.com\/\",\"name\":\"Duran Silva Samano\",\"description\":\"Contadores p\u00fablicos\",\"publisher\":{\"@id\":\"https:\/\/duransilvasamano.com\/#organization\"},\"potentialAction\":[{\"@type\":\"SearchAction\",\"target\":{\"@type\":\"EntryPoint\",\"urlTemplate\":\"https:\/\/duransilvasamano.com\/?s={search_term_string}\"},\"query-input\":{\"@type\":\"PropertyValueSpecification\",\"valueRequired\":true,\"valueName\":\"search_term_string\"}}],\"inLanguage\":\"en-US\"},{\"@type\":\"Organization\",\"@id\":\"https:\/\/duransilvasamano.com\/#organization\",\"name\":\"Duran Silva Samano\",\"url\":\"https:\/\/duransilvasamano.com\/\",\"logo\":{\"@type\":\"ImageObject\",\"inLanguage\":\"en-US\",\"@id\":\"https:\/\/duransilvasamano.com\/#\/schema\/logo\/image\/\",\"url\":\"https:\/\/duransilvasamano.com\/wp-content\/uploads\/2022\/02\/cropped-duran-silva-samano-2.png\",\"contentUrl\":\"https:\/\/duransilvasamano.com\/wp-content\/uploads\/2022\/02\/cropped-duran-silva-samano-2.png\",\"width\":197,\"height\":75,\"caption\":\"Duran Silva Samano\"},\"image\":{\"@id\":\"https:\/\/duransilvasamano.com\/#\/schema\/logo\/image\/\"}},{\"@type\":\"Person\",\"@id\":\"https:\/\/duransilvasamano.com\/#\/schema\/person\/5f510d0c223844992a489653dbf80ea6\",\"name\":\"DuranAdmin\",\"url\":\"https:\/\/duransilvasamano.com\/en\/author\/duranadmin\/\"}]}<\/script>\n<!-- \/ Yoast SEO plugin. -->","yoast_head_json":{"title":"Contadores p\u00fablico | \u00a0Duran Silva Samano","description":"La especializaci\u00f3n de nuestros directores y colaboradores garantizan el crecimiento y \u00e9xito de nuestra empresa brindando la mejor soluci\u00f3n para cada uno de nuestros clientes","robots":{"index":"index","follow":"follow","max-snippet":"max-snippet:-1","max-image-preview":"max-image-preview:large","max-video-preview":"max-video-preview:-1"},"canonical":"https:\/\/duransilvasamano.com\/en\/boletin-de-noticias-de-sindicos-2022-12-10-consecuencias-por-el-incumplimiento-de-la-presentacion-de-la-declaracion-anual-de-personas-fisicas\/","og_locale":"en_US","og_type":"article","og_title":"Contadores p\u00fablico | \u00a0Duran Silva Samano","og_description":"La especializaci\u00f3n de nuestros directores y colaboradores garantizan el crecimiento y \u00e9xito de nuestra empresa brindando la mejor soluci\u00f3n para cada uno de nuestros clientes","og_url":"https:\/\/duransilvasamano.com\/en\/boletin-de-noticias-de-sindicos-2022-12-10-consecuencias-por-el-incumplimiento-de-la-presentacion-de-la-declaracion-anual-de-personas-fisicas\/","og_site_name":"Duran Silva Samano","article_published_time":"2022-04-28T15:20:22+00:00","article_modified_time":"2022-04-28T15:20:27+00:00","og_image":[{"url":"https:\/\/imcp.org.mx\/wp-content\/themes\/IMCP2016\/img\/bgs\/logo_imcp_horizontal.png","type":"","width":"","height":""}],"author":"DuranAdmin","twitter_card":"summary_large_image","twitter_misc":{"Written by":"DuranAdmin","Est. reading time":"1 minute"},"schema":{"@context":"https:\/\/schema.org","@graph":[{"@type":"Article","@id":"https:\/\/duransilvasamano.com\/boletin-de-noticias-de-sindicos-2022-12-10-consecuencias-por-el-incumplimiento-de-la-presentacion-de-la-declaracion-anual-de-personas-fisicas\/#article","isPartOf":{"@id":"https:\/\/duransilvasamano.com\/boletin-de-noticias-de-sindicos-2022-12-10-consecuencias-por-el-incumplimiento-de-la-presentacion-de-la-declaracion-anual-de-personas-fisicas\/"},"author":{"name":"DuranAdmin","@id":"https:\/\/duransilvasamano.com\/#\/schema\/person\/5f510d0c223844992a489653dbf80ea6"},"headline":"Bolet\u00edn de Noticias de S\u00edndicos 2022 \u2013 12 10 Consecuencias por el incumplimiento de la presentaci\u00f3n de la declaraci\u00f3n anual de personas f\u00edsicas","datePublished":"2022-04-28T15:20:22+00:00","dateModified":"2022-04-28T15:20:27+00:00","mainEntityOfPage":{"@id":"https:\/\/duransilvasamano.com\/boletin-de-noticias-de-sindicos-2022-12-10-consecuencias-por-el-incumplimiento-de-la-presentacion-de-la-declaracion-anual-de-personas-fisicas\/"},"wordCount":184,"commentCount":0,"publisher":{"@id":"https:\/\/duransilvasamano.com\/#organization"},"image":{"@id":"https:\/\/duransilvasamano.com\/boletin-de-noticias-de-sindicos-2022-12-10-consecuencias-por-el-incumplimiento-de-la-presentacion-de-la-declaracion-anual-de-personas-fisicas\/#primaryimage"},"thumbnailUrl":"https:\/\/imcp.org.mx\/wp-content\/themes\/IMCP2016\/img\/bgs\/logo_imcp_horizontal.png","articleSection":["Sin categor\u00eda"],"inLanguage":"en-US","potentialAction":[{"@type":"CommentAction","name":"Comment","target":["https:\/\/duransilvasamano.com\/boletin-de-noticias-de-sindicos-2022-12-10-consecuencias-por-el-incumplimiento-de-la-presentacion-de-la-declaracion-anual-de-personas-fisicas\/#respond"]}]},{"@type":"WebPage","@id":"https:\/\/duransilvasamano.com\/boletin-de-noticias-de-sindicos-2022-12-10-consecuencias-por-el-incumplimiento-de-la-presentacion-de-la-declaracion-anual-de-personas-fisicas\/","url":"https:\/\/duransilvasamano.com\/boletin-de-noticias-de-sindicos-2022-12-10-consecuencias-por-el-incumplimiento-de-la-presentacion-de-la-declaracion-anual-de-personas-fisicas\/","name":"Contadores p\u00fablico | \u00a0Duran Silva Samano","isPartOf":{"@id":"https:\/\/duransilvasamano.com\/#website"},"primaryImageOfPage":{"@id":"https:\/\/duransilvasamano.com\/boletin-de-noticias-de-sindicos-2022-12-10-consecuencias-por-el-incumplimiento-de-la-presentacion-de-la-declaracion-anual-de-personas-fisicas\/#primaryimage"},"image":{"@id":"https:\/\/duransilvasamano.com\/boletin-de-noticias-de-sindicos-2022-12-10-consecuencias-por-el-incumplimiento-de-la-presentacion-de-la-declaracion-anual-de-personas-fisicas\/#primaryimage"},"thumbnailUrl":"https:\/\/imcp.org.mx\/wp-content\/themes\/IMCP2016\/img\/bgs\/logo_imcp_horizontal.png","datePublished":"2022-04-28T15:20:22+00:00","dateModified":"2022-04-28T15:20:27+00:00","description":"La especializaci\u00f3n de nuestros directores y colaboradores garantizan el crecimiento y \u00e9xito de nuestra empresa brindando la mejor soluci\u00f3n para cada uno de nuestros clientes","breadcrumb":{"@id":"https:\/\/duransilvasamano.com\/boletin-de-noticias-de-sindicos-2022-12-10-consecuencias-por-el-incumplimiento-de-la-presentacion-de-la-declaracion-anual-de-personas-fisicas\/#breadcrumb"},"inLanguage":"en-US","potentialAction":[{"@type":"ReadAction","target":["https:\/\/duransilvasamano.com\/boletin-de-noticias-de-sindicos-2022-12-10-consecuencias-por-el-incumplimiento-de-la-presentacion-de-la-declaracion-anual-de-personas-fisicas\/"]}]},{"@type":"ImageObject","inLanguage":"en-US","@id":"https:\/\/duransilvasamano.com\/boletin-de-noticias-de-sindicos-2022-12-10-consecuencias-por-el-incumplimiento-de-la-presentacion-de-la-declaracion-anual-de-personas-fisicas\/#primaryimage","url":"https:\/\/imcp.org.mx\/wp-content\/themes\/IMCP2016\/img\/bgs\/logo_imcp_horizontal.png","contentUrl":"https:\/\/imcp.org.mx\/wp-content\/themes\/IMCP2016\/img\/bgs\/logo_imcp_horizontal.png"},{"@type":"BreadcrumbList","@id":"https:\/\/duransilvasamano.com\/boletin-de-noticias-de-sindicos-2022-12-10-consecuencias-por-el-incumplimiento-de-la-presentacion-de-la-declaracion-anual-de-personas-fisicas\/#breadcrumb","itemListElement":[{"@type":"ListItem","position":1,"name":"Inicio","item":"https:\/\/duransilvasamano.com\/"},{"@type":"ListItem","position":2,"name":"Bolet\u00edn de Noticias de S\u00edndicos 2022 \u2013 12 10 Consecuencias por el incumplimiento de la presentaci\u00f3n de la declaraci\u00f3n anual de personas f\u00edsicas"}]},{"@type":"WebSite","@id":"https:\/\/duransilvasamano.com\/#website","url":"https:\/\/duransilvasamano.com\/","name":"Duran Silva Samano","description":"Contadores p\u00fablicos","publisher":{"@id":"https:\/\/duransilvasamano.com\/#organization"},"potentialAction":[{"@type":"SearchAction","target":{"@type":"EntryPoint","urlTemplate":"https:\/\/duransilvasamano.com\/?s={search_term_string}"},"query-input":{"@type":"PropertyValueSpecification","valueRequired":true,"valueName":"search_term_string"}}],"inLanguage":"en-US"},{"@type":"Organization","@id":"https:\/\/duransilvasamano.com\/#organization","name":"Duran Silva Samano","url":"https:\/\/duransilvasamano.com\/","logo":{"@type":"ImageObject","inLanguage":"en-US","@id":"https:\/\/duransilvasamano.com\/#\/schema\/logo\/image\/","url":"https:\/\/duransilvasamano.com\/wp-content\/uploads\/2022\/02\/cropped-duran-silva-samano-2.png","contentUrl":"https:\/\/duransilvasamano.com\/wp-content\/uploads\/2022\/02\/cropped-duran-silva-samano-2.png","width":197,"height":75,"caption":"Duran Silva Samano"},"image":{"@id":"https:\/\/duransilvasamano.com\/#\/schema\/logo\/image\/"}},{"@type":"Person","@id":"https:\/\/duransilvasamano.com\/#\/schema\/person\/5f510d0c223844992a489653dbf80ea6","name":"DuranAdmin","url":"https:\/\/duransilvasamano.com\/en\/author\/duranadmin\/"}]}},"_links":{"self":[{"href":"https:\/\/duransilvasamano.com\/en\/wp-json\/wp\/v2\/posts\/1635","targetHints":{"allow":["GET"]}}],"collection":[{"href":"https:\/\/duransilvasamano.com\/en\/wp-json\/wp\/v2\/posts"}],"about":[{"href":"https:\/\/duransilvasamano.com\/en\/wp-json\/wp\/v2\/types\/post"}],"author":[{"embeddable":true,"href":"https:\/\/duransilvasamano.com\/en\/wp-json\/wp\/v2\/users\/2"}],"replies":[{"embeddable":true,"href":"https:\/\/duransilvasamano.com\/en\/wp-json\/wp\/v2\/comments?post=1635"}],"version-history":[{"count":1,"href":"https:\/\/duransilvasamano.com\/en\/wp-json\/wp\/v2\/posts\/1635\/revisions"}],"predecessor-version":[{"id":1636,"href":"https:\/\/duransilvasamano.com\/en\/wp-json\/wp\/v2\/posts\/1635\/revisions\/1636"}],"wp:attachment":[{"href":"https:\/\/duransilvasamano.com\/en\/wp-json\/wp\/v2\/media?parent=1635"}],"wp:term":[{"taxonomy":"category","embeddable":true,"href":"https:\/\/duransilvasamano.com\/en\/wp-json\/wp\/v2\/categories?post=1635"},{"taxonomy":"post_tag","embeddable":true,"href":"https:\/\/duransilvasamano.com\/en\/wp-json\/wp\/v2\/tags?post=1635"}],"curies":[{"name":"wp","href":"https:\/\/api.w.org\/{rel}","templated":true}]}}