{"id":1477,"date":"2022-04-12T18:18:00","date_gmt":"2022-04-12T18:18:00","guid":{"rendered":"https:\/\/duransilvasamano.com\/?p=1477"},"modified":"2022-04-12T18:18:02","modified_gmt":"2022-04-12T18:18:02","slug":"noticias-fiscales-2022-53-sat-deduccion-de-las-aportaciones-complementarias-y-voluntarias-en-cuentas-de-ahorro-para-el-retiro","status":"publish","type":"post","link":"https:\/\/duransilvasamano.com\/en\/noticias-fiscales-2022-53-sat-deduccion-de-las-aportaciones-complementarias-y-voluntarias-en-cuentas-de-ahorro-para-el-retiro\/","title":{"rendered":"NOTICIAS-FISCALES-2022-53 SAT \/ Deducci\u00f3n de las aportaciones complementarias y voluntarias en cuentas de ahorro para el retiro"},"content":{"rendered":"<p>12\/Abr\/2022<\/p>\n\n\n\n<hr class=\"wp-block-separator\"\/>\n\n\n\n<p>En el marco de la Declaraci\u00f3n Anual 2021 de personas f\u00edsicas, el Servicio de Administraci\u00f3n Tributaria (SAT) informa que, si al presentar su declaraci\u00f3n el contribuyente desea aplicar como deducci\u00f3n personal las aportaciones complementarias de retiro (que no se pueden retirar hasta la edad de 65 a\u00f1os o por una condici\u00f3n de invalidez o incapacidad) y las aportaciones voluntarias a largo plazo (que se pueden retirar a los seis meses) realizadas directamente a su subcuenta, as\u00ed como dep\u00f3sitos en cuentas especiales para el ahorro, debe considerar lo siguiente:<\/p>\n\n\n\n<ul class=\"wp-block-list\"><li>Contar con los comprobantes fiscales que amparen los pagos efectuados durante el ejercicio 2021 por concepto de las aportaciones complementarias de retiro realizadas directamente en la subcuenta de aportaciones complementarias de retiro o a las cuentas de planes personales de retiro, as\u00ed como las aportaciones voluntarias realizadas a la subcuenta de aportaciones voluntarias o dep\u00f3sitos en cuentas especiales para el ahorro siempre que cumplan con los requisitos correspondientes.<\/li><\/ul>\n\n\n\n<p>Si desea ver el contenido completo, d\u00e9 clic en la siguiente liga:<\/p>\n\n\n\n<p><a href=\"https:\/\/www.gob.mx\/sat\/prensa\/deduccion-de-las-aportaciones-complementarias-y-voluntarias-en-cuentas-de-ahorro-para-el-retiro-020-2022\">https:\/\/www.gob.mx\/sat\/prensa\/deduccion-de-las-aportaciones-complementarias-y-voluntarias-en-cuentas-de-ahorro-para-el-retiro-020-2022<\/a><\/p>\n\n\n\n<p>Descarga el archivo,\u00a0<a href=\"https:\/\/imcp.org.mx\/wp-content\/uploads\/2022\/04\/NOTICIAS-FISCALES-2022-53.pdf\">aqu\u00ed.<\/a><\/p>\n\n\n\n<figure class=\"wp-block-image\"><img decoding=\"async\" src=\"https:\/\/imcp.org.mx\/wp-content\/themes\/IMCP2016\/img\/bgs\/logo_imcp_horizontal.png\" alt=\"IMCP\"\/><\/figure>","protected":false},"excerpt":{"rendered":"<p>12\/Abr\/2022 En el marco de la Declaraci\u00f3n Anual 2021 de personas f\u00edsicas, el Servicio de Administraci\u00f3n Tributaria (SAT) informa que, si al presentar su declaraci\u00f3n el contribuyente desea aplicar como deducci\u00f3n personal las aportaciones complementarias de retiro (que no se pueden retirar hasta la edad de 65 a\u00f1os o por una condici\u00f3n de invalidez o [&hellip;]<\/p>","protected":false},"author":2,"featured_media":0,"comment_status":"open","ping_status":"closed","sticky":false,"template":"","format":"standard","meta":{"footnotes":""},"categories":[1],"tags":[],"class_list":["post-1477","post","type-post","status-publish","format-standard","hentry","category-sin-categoria"],"yoast_head":"<!-- This site is optimized with the Yoast SEO plugin v26.5 - https:\/\/yoast.com\/wordpress\/plugins\/seo\/ -->\n<title>Contadores p\u00fablico | \u00a0Duran Silva Samano<\/title>\n<meta name=\"description\" content=\"La especializaci\u00f3n de nuestros directores y colaboradores garantizan el crecimiento y \u00e9xito de nuestra empresa brindando la mejor soluci\u00f3n para cada uno de nuestros clientes\" \/>\n<meta name=\"robots\" content=\"index, follow, max-snippet:-1, max-image-preview:large, max-video-preview:-1\" \/>\n<link rel=\"canonical\" href=\"https:\/\/duransilvasamano.com\/en\/noticias-fiscales-2022-53-sat-deduccion-de-las-aportaciones-complementarias-y-voluntarias-en-cuentas-de-ahorro-para-el-retiro\/\" \/>\n<meta property=\"og:locale\" content=\"en_US\" \/>\n<meta property=\"og:type\" content=\"article\" \/>\n<meta property=\"og:title\" content=\"Contadores p\u00fablico | \u00a0Duran Silva Samano\" \/>\n<meta property=\"og:description\" content=\"La especializaci\u00f3n de nuestros directores y colaboradores garantizan el crecimiento y \u00e9xito de nuestra empresa brindando la mejor soluci\u00f3n para cada uno de nuestros clientes\" \/>\n<meta property=\"og:url\" content=\"https:\/\/duransilvasamano.com\/en\/noticias-fiscales-2022-53-sat-deduccion-de-las-aportaciones-complementarias-y-voluntarias-en-cuentas-de-ahorro-para-el-retiro\/\" \/>\n<meta property=\"og:site_name\" content=\"Duran Silva Samano\" \/>\n<meta property=\"article:published_time\" content=\"2022-04-12T18:18:00+00:00\" \/>\n<meta property=\"article:modified_time\" content=\"2022-04-12T18:18:02+00:00\" \/>\n<meta property=\"og:image\" content=\"https:\/\/imcp.org.mx\/wp-content\/themes\/IMCP2016\/img\/bgs\/logo_imcp_horizontal.png\" \/>\n<meta name=\"author\" content=\"DuranAdmin\" \/>\n<meta name=\"twitter:card\" content=\"summary_large_image\" \/>\n<meta name=\"twitter:label1\" content=\"Written by\" \/>\n\t<meta name=\"twitter:data1\" content=\"DuranAdmin\" \/>\n\t<meta name=\"twitter:label2\" content=\"Est. reading time\" \/>\n\t<meta name=\"twitter:data2\" content=\"1 minute\" \/>\n<script type=\"application\/ld+json\" class=\"yoast-schema-graph\">{\"@context\":\"https:\/\/schema.org\",\"@graph\":[{\"@type\":\"Article\",\"@id\":\"https:\/\/duransilvasamano.com\/noticias-fiscales-2022-53-sat-deduccion-de-las-aportaciones-complementarias-y-voluntarias-en-cuentas-de-ahorro-para-el-retiro\/#article\",\"isPartOf\":{\"@id\":\"https:\/\/duransilvasamano.com\/noticias-fiscales-2022-53-sat-deduccion-de-las-aportaciones-complementarias-y-voluntarias-en-cuentas-de-ahorro-para-el-retiro\/\"},\"author\":{\"name\":\"DuranAdmin\",\"@id\":\"https:\/\/duransilvasamano.com\/#\/schema\/person\/5f510d0c223844992a489653dbf80ea6\"},\"headline\":\"NOTICIAS-FISCALES-2022-53 SAT \/ Deducci\u00f3n de las aportaciones complementarias y voluntarias en cuentas de ahorro para el retiro\",\"datePublished\":\"2022-04-12T18:18:00+00:00\",\"dateModified\":\"2022-04-12T18:18:02+00:00\",\"mainEntityOfPage\":{\"@id\":\"https:\/\/duransilvasamano.com\/noticias-fiscales-2022-53-sat-deduccion-de-las-aportaciones-complementarias-y-voluntarias-en-cuentas-de-ahorro-para-el-retiro\/\"},\"wordCount\":205,\"commentCount\":0,\"publisher\":{\"@id\":\"https:\/\/duransilvasamano.com\/#organization\"},\"image\":{\"@id\":\"https:\/\/duransilvasamano.com\/noticias-fiscales-2022-53-sat-deduccion-de-las-aportaciones-complementarias-y-voluntarias-en-cuentas-de-ahorro-para-el-retiro\/#primaryimage\"},\"thumbnailUrl\":\"https:\/\/imcp.org.mx\/wp-content\/themes\/IMCP2016\/img\/bgs\/logo_imcp_horizontal.png\",\"articleSection\":[\"Sin categor\u00eda\"],\"inLanguage\":\"en-US\",\"potentialAction\":[{\"@type\":\"CommentAction\",\"name\":\"Comment\",\"target\":[\"https:\/\/duransilvasamano.com\/noticias-fiscales-2022-53-sat-deduccion-de-las-aportaciones-complementarias-y-voluntarias-en-cuentas-de-ahorro-para-el-retiro\/#respond\"]}]},{\"@type\":\"WebPage\",\"@id\":\"https:\/\/duransilvasamano.com\/noticias-fiscales-2022-53-sat-deduccion-de-las-aportaciones-complementarias-y-voluntarias-en-cuentas-de-ahorro-para-el-retiro\/\",\"url\":\"https:\/\/duransilvasamano.com\/noticias-fiscales-2022-53-sat-deduccion-de-las-aportaciones-complementarias-y-voluntarias-en-cuentas-de-ahorro-para-el-retiro\/\",\"name\":\"Contadores p\u00fablico | \u00a0Duran Silva Samano\",\"isPartOf\":{\"@id\":\"https:\/\/duransilvasamano.com\/#website\"},\"primaryImageOfPage\":{\"@id\":\"https:\/\/duransilvasamano.com\/noticias-fiscales-2022-53-sat-deduccion-de-las-aportaciones-complementarias-y-voluntarias-en-cuentas-de-ahorro-para-el-retiro\/#primaryimage\"},\"image\":{\"@id\":\"https:\/\/duransilvasamano.com\/noticias-fiscales-2022-53-sat-deduccion-de-las-aportaciones-complementarias-y-voluntarias-en-cuentas-de-ahorro-para-el-retiro\/#primaryimage\"},\"thumbnailUrl\":\"https:\/\/imcp.org.mx\/wp-content\/themes\/IMCP2016\/img\/bgs\/logo_imcp_horizontal.png\",\"datePublished\":\"2022-04-12T18:18:00+00:00\",\"dateModified\":\"2022-04-12T18:18:02+00:00\",\"description\":\"La especializaci\u00f3n de nuestros directores y colaboradores garantizan el crecimiento y \u00e9xito de nuestra empresa brindando la mejor soluci\u00f3n para cada uno de nuestros clientes\",\"breadcrumb\":{\"@id\":\"https:\/\/duransilvasamano.com\/noticias-fiscales-2022-53-sat-deduccion-de-las-aportaciones-complementarias-y-voluntarias-en-cuentas-de-ahorro-para-el-retiro\/#breadcrumb\"},\"inLanguage\":\"en-US\",\"potentialAction\":[{\"@type\":\"ReadAction\",\"target\":[\"https:\/\/duransilvasamano.com\/noticias-fiscales-2022-53-sat-deduccion-de-las-aportaciones-complementarias-y-voluntarias-en-cuentas-de-ahorro-para-el-retiro\/\"]}]},{\"@type\":\"ImageObject\",\"inLanguage\":\"en-US\",\"@id\":\"https:\/\/duransilvasamano.com\/noticias-fiscales-2022-53-sat-deduccion-de-las-aportaciones-complementarias-y-voluntarias-en-cuentas-de-ahorro-para-el-retiro\/#primaryimage\",\"url\":\"https:\/\/imcp.org.mx\/wp-content\/themes\/IMCP2016\/img\/bgs\/logo_imcp_horizontal.png\",\"contentUrl\":\"https:\/\/imcp.org.mx\/wp-content\/themes\/IMCP2016\/img\/bgs\/logo_imcp_horizontal.png\"},{\"@type\":\"BreadcrumbList\",\"@id\":\"https:\/\/duransilvasamano.com\/noticias-fiscales-2022-53-sat-deduccion-de-las-aportaciones-complementarias-y-voluntarias-en-cuentas-de-ahorro-para-el-retiro\/#breadcrumb\",\"itemListElement\":[{\"@type\":\"ListItem\",\"position\":1,\"name\":\"Inicio\",\"item\":\"https:\/\/duransilvasamano.com\/\"},{\"@type\":\"ListItem\",\"position\":2,\"name\":\"NOTICIAS-FISCALES-2022-53 SAT \/ Deducci\u00f3n de las aportaciones complementarias y voluntarias en cuentas de ahorro para el retiro\"}]},{\"@type\":\"WebSite\",\"@id\":\"https:\/\/duransilvasamano.com\/#website\",\"url\":\"https:\/\/duransilvasamano.com\/\",\"name\":\"Duran Silva Samano\",\"description\":\"Contadores p\u00fablicos\",\"publisher\":{\"@id\":\"https:\/\/duransilvasamano.com\/#organization\"},\"potentialAction\":[{\"@type\":\"SearchAction\",\"target\":{\"@type\":\"EntryPoint\",\"urlTemplate\":\"https:\/\/duransilvasamano.com\/?s={search_term_string}\"},\"query-input\":{\"@type\":\"PropertyValueSpecification\",\"valueRequired\":true,\"valueName\":\"search_term_string\"}}],\"inLanguage\":\"en-US\"},{\"@type\":\"Organization\",\"@id\":\"https:\/\/duransilvasamano.com\/#organization\",\"name\":\"Duran Silva Samano\",\"url\":\"https:\/\/duransilvasamano.com\/\",\"logo\":{\"@type\":\"ImageObject\",\"inLanguage\":\"en-US\",\"@id\":\"https:\/\/duransilvasamano.com\/#\/schema\/logo\/image\/\",\"url\":\"https:\/\/duransilvasamano.com\/wp-content\/uploads\/2022\/02\/cropped-duran-silva-samano-2.png\",\"contentUrl\":\"https:\/\/duransilvasamano.com\/wp-content\/uploads\/2022\/02\/cropped-duran-silva-samano-2.png\",\"width\":197,\"height\":75,\"caption\":\"Duran Silva Samano\"},\"image\":{\"@id\":\"https:\/\/duransilvasamano.com\/#\/schema\/logo\/image\/\"}},{\"@type\":\"Person\",\"@id\":\"https:\/\/duransilvasamano.com\/#\/schema\/person\/5f510d0c223844992a489653dbf80ea6\",\"name\":\"DuranAdmin\",\"url\":\"https:\/\/duransilvasamano.com\/en\/author\/duranadmin\/\"}]}<\/script>\n<!-- \/ Yoast SEO plugin. -->","yoast_head_json":{"title":"Contadores p\u00fablico | \u00a0Duran Silva Samano","description":"La especializaci\u00f3n de nuestros directores y colaboradores garantizan el crecimiento y \u00e9xito de nuestra empresa brindando la mejor soluci\u00f3n para cada uno de nuestros clientes","robots":{"index":"index","follow":"follow","max-snippet":"max-snippet:-1","max-image-preview":"max-image-preview:large","max-video-preview":"max-video-preview:-1"},"canonical":"https:\/\/duransilvasamano.com\/en\/noticias-fiscales-2022-53-sat-deduccion-de-las-aportaciones-complementarias-y-voluntarias-en-cuentas-de-ahorro-para-el-retiro\/","og_locale":"en_US","og_type":"article","og_title":"Contadores p\u00fablico | \u00a0Duran Silva Samano","og_description":"La especializaci\u00f3n de nuestros directores y colaboradores garantizan el crecimiento y \u00e9xito de nuestra empresa brindando la mejor soluci\u00f3n para cada uno de nuestros clientes","og_url":"https:\/\/duransilvasamano.com\/en\/noticias-fiscales-2022-53-sat-deduccion-de-las-aportaciones-complementarias-y-voluntarias-en-cuentas-de-ahorro-para-el-retiro\/","og_site_name":"Duran Silva Samano","article_published_time":"2022-04-12T18:18:00+00:00","article_modified_time":"2022-04-12T18:18:02+00:00","og_image":[{"url":"https:\/\/imcp.org.mx\/wp-content\/themes\/IMCP2016\/img\/bgs\/logo_imcp_horizontal.png","type":"","width":"","height":""}],"author":"DuranAdmin","twitter_card":"summary_large_image","twitter_misc":{"Written by":"DuranAdmin","Est. reading time":"1 minute"},"schema":{"@context":"https:\/\/schema.org","@graph":[{"@type":"Article","@id":"https:\/\/duransilvasamano.com\/noticias-fiscales-2022-53-sat-deduccion-de-las-aportaciones-complementarias-y-voluntarias-en-cuentas-de-ahorro-para-el-retiro\/#article","isPartOf":{"@id":"https:\/\/duransilvasamano.com\/noticias-fiscales-2022-53-sat-deduccion-de-las-aportaciones-complementarias-y-voluntarias-en-cuentas-de-ahorro-para-el-retiro\/"},"author":{"name":"DuranAdmin","@id":"https:\/\/duransilvasamano.com\/#\/schema\/person\/5f510d0c223844992a489653dbf80ea6"},"headline":"NOTICIAS-FISCALES-2022-53 SAT \/ Deducci\u00f3n de las aportaciones complementarias y voluntarias en cuentas de ahorro para el retiro","datePublished":"2022-04-12T18:18:00+00:00","dateModified":"2022-04-12T18:18:02+00:00","mainEntityOfPage":{"@id":"https:\/\/duransilvasamano.com\/noticias-fiscales-2022-53-sat-deduccion-de-las-aportaciones-complementarias-y-voluntarias-en-cuentas-de-ahorro-para-el-retiro\/"},"wordCount":205,"commentCount":0,"publisher":{"@id":"https:\/\/duransilvasamano.com\/#organization"},"image":{"@id":"https:\/\/duransilvasamano.com\/noticias-fiscales-2022-53-sat-deduccion-de-las-aportaciones-complementarias-y-voluntarias-en-cuentas-de-ahorro-para-el-retiro\/#primaryimage"},"thumbnailUrl":"https:\/\/imcp.org.mx\/wp-content\/themes\/IMCP2016\/img\/bgs\/logo_imcp_horizontal.png","articleSection":["Sin categor\u00eda"],"inLanguage":"en-US","potentialAction":[{"@type":"CommentAction","name":"Comment","target":["https:\/\/duransilvasamano.com\/noticias-fiscales-2022-53-sat-deduccion-de-las-aportaciones-complementarias-y-voluntarias-en-cuentas-de-ahorro-para-el-retiro\/#respond"]}]},{"@type":"WebPage","@id":"https:\/\/duransilvasamano.com\/noticias-fiscales-2022-53-sat-deduccion-de-las-aportaciones-complementarias-y-voluntarias-en-cuentas-de-ahorro-para-el-retiro\/","url":"https:\/\/duransilvasamano.com\/noticias-fiscales-2022-53-sat-deduccion-de-las-aportaciones-complementarias-y-voluntarias-en-cuentas-de-ahorro-para-el-retiro\/","name":"Contadores p\u00fablico | \u00a0Duran Silva Samano","isPartOf":{"@id":"https:\/\/duransilvasamano.com\/#website"},"primaryImageOfPage":{"@id":"https:\/\/duransilvasamano.com\/noticias-fiscales-2022-53-sat-deduccion-de-las-aportaciones-complementarias-y-voluntarias-en-cuentas-de-ahorro-para-el-retiro\/#primaryimage"},"image":{"@id":"https:\/\/duransilvasamano.com\/noticias-fiscales-2022-53-sat-deduccion-de-las-aportaciones-complementarias-y-voluntarias-en-cuentas-de-ahorro-para-el-retiro\/#primaryimage"},"thumbnailUrl":"https:\/\/imcp.org.mx\/wp-content\/themes\/IMCP2016\/img\/bgs\/logo_imcp_horizontal.png","datePublished":"2022-04-12T18:18:00+00:00","dateModified":"2022-04-12T18:18:02+00:00","description":"La especializaci\u00f3n de nuestros directores y colaboradores garantizan el crecimiento y \u00e9xito de nuestra empresa brindando la mejor soluci\u00f3n para cada uno de nuestros clientes","breadcrumb":{"@id":"https:\/\/duransilvasamano.com\/noticias-fiscales-2022-53-sat-deduccion-de-las-aportaciones-complementarias-y-voluntarias-en-cuentas-de-ahorro-para-el-retiro\/#breadcrumb"},"inLanguage":"en-US","potentialAction":[{"@type":"ReadAction","target":["https:\/\/duransilvasamano.com\/noticias-fiscales-2022-53-sat-deduccion-de-las-aportaciones-complementarias-y-voluntarias-en-cuentas-de-ahorro-para-el-retiro\/"]}]},{"@type":"ImageObject","inLanguage":"en-US","@id":"https:\/\/duransilvasamano.com\/noticias-fiscales-2022-53-sat-deduccion-de-las-aportaciones-complementarias-y-voluntarias-en-cuentas-de-ahorro-para-el-retiro\/#primaryimage","url":"https:\/\/imcp.org.mx\/wp-content\/themes\/IMCP2016\/img\/bgs\/logo_imcp_horizontal.png","contentUrl":"https:\/\/imcp.org.mx\/wp-content\/themes\/IMCP2016\/img\/bgs\/logo_imcp_horizontal.png"},{"@type":"BreadcrumbList","@id":"https:\/\/duransilvasamano.com\/noticias-fiscales-2022-53-sat-deduccion-de-las-aportaciones-complementarias-y-voluntarias-en-cuentas-de-ahorro-para-el-retiro\/#breadcrumb","itemListElement":[{"@type":"ListItem","position":1,"name":"Inicio","item":"https:\/\/duransilvasamano.com\/"},{"@type":"ListItem","position":2,"name":"NOTICIAS-FISCALES-2022-53 SAT \/ Deducci\u00f3n de las aportaciones complementarias y voluntarias en cuentas de ahorro para el retiro"}]},{"@type":"WebSite","@id":"https:\/\/duransilvasamano.com\/#website","url":"https:\/\/duransilvasamano.com\/","name":"Duran Silva Samano","description":"Contadores p\u00fablicos","publisher":{"@id":"https:\/\/duransilvasamano.com\/#organization"},"potentialAction":[{"@type":"SearchAction","target":{"@type":"EntryPoint","urlTemplate":"https:\/\/duransilvasamano.com\/?s={search_term_string}"},"query-input":{"@type":"PropertyValueSpecification","valueRequired":true,"valueName":"search_term_string"}}],"inLanguage":"en-US"},{"@type":"Organization","@id":"https:\/\/duransilvasamano.com\/#organization","name":"Duran Silva Samano","url":"https:\/\/duransilvasamano.com\/","logo":{"@type":"ImageObject","inLanguage":"en-US","@id":"https:\/\/duransilvasamano.com\/#\/schema\/logo\/image\/","url":"https:\/\/duransilvasamano.com\/wp-content\/uploads\/2022\/02\/cropped-duran-silva-samano-2.png","contentUrl":"https:\/\/duransilvasamano.com\/wp-content\/uploads\/2022\/02\/cropped-duran-silva-samano-2.png","width":197,"height":75,"caption":"Duran Silva Samano"},"image":{"@id":"https:\/\/duransilvasamano.com\/#\/schema\/logo\/image\/"}},{"@type":"Person","@id":"https:\/\/duransilvasamano.com\/#\/schema\/person\/5f510d0c223844992a489653dbf80ea6","name":"DuranAdmin","url":"https:\/\/duransilvasamano.com\/en\/author\/duranadmin\/"}]}},"_links":{"self":[{"href":"https:\/\/duransilvasamano.com\/en\/wp-json\/wp\/v2\/posts\/1477","targetHints":{"allow":["GET"]}}],"collection":[{"href":"https:\/\/duransilvasamano.com\/en\/wp-json\/wp\/v2\/posts"}],"about":[{"href":"https:\/\/duransilvasamano.com\/en\/wp-json\/wp\/v2\/types\/post"}],"author":[{"embeddable":true,"href":"https:\/\/duransilvasamano.com\/en\/wp-json\/wp\/v2\/users\/2"}],"replies":[{"embeddable":true,"href":"https:\/\/duransilvasamano.com\/en\/wp-json\/wp\/v2\/comments?post=1477"}],"version-history":[{"count":1,"href":"https:\/\/duransilvasamano.com\/en\/wp-json\/wp\/v2\/posts\/1477\/revisions"}],"predecessor-version":[{"id":1478,"href":"https:\/\/duransilvasamano.com\/en\/wp-json\/wp\/v2\/posts\/1477\/revisions\/1478"}],"wp:attachment":[{"href":"https:\/\/duransilvasamano.com\/en\/wp-json\/wp\/v2\/media?parent=1477"}],"wp:term":[{"taxonomy":"category","embeddable":true,"href":"https:\/\/duransilvasamano.com\/en\/wp-json\/wp\/v2\/categories?post=1477"},{"taxonomy":"post_tag","embeddable":true,"href":"https:\/\/duransilvasamano.com\/en\/wp-json\/wp\/v2\/tags?post=1477"}],"curies":[{"name":"wp","href":"https:\/\/api.w.org\/{rel}","templated":true}]}}