{"id":1405,"date":"2022-04-06T15:42:16","date_gmt":"2022-04-06T15:42:16","guid":{"rendered":"https:\/\/duransilvasamano.com\/?p=1405"},"modified":"2022-04-06T15:42:20","modified_gmt":"2022-04-06T15:42:20","slug":"boletin-de-noticias-de-sindicos-2022-10-revision-de-requisitos-para-la-cancelacion-en-el-rfc-por-fusion-de-sociedades","status":"publish","type":"post","link":"https:\/\/duransilvasamano.com\/en\/boletin-de-noticias-de-sindicos-2022-10-revision-de-requisitos-para-la-cancelacion-en-el-rfc-por-fusion-de-sociedades\/","title":{"rendered":"Bolet\u00edn de Noticias de S\u00edndicos 2022 \u2013 10 Revisi\u00f3n de requisitos para la cancelaci\u00f3n en el RFC por fusi\u00f3n de sociedades"},"content":{"rendered":"<p>6\/Abr\/2022<\/p>\n\n\n\n<hr class=\"wp-block-separator\"\/>\n\n\n\n<p>El pasado 9 de marzo se public\u00f3 en el Diario Oficial de la Federaci\u00f3n, la Segunda Resoluci\u00f3n de Modificaciones a la Resoluci\u00f3n Miscel\u00e1nea Fiscal (RMF) para 2022, en la que se destaca la regla&nbsp;<strong>2.5.25. \u201cRevisi\u00f3n de requisitos para la presentaci\u00f3n del aviso de cancelaci\u00f3n en el RFC por fusi\u00f3n de sociedades\u201d.<\/strong><\/p>\n\n\n\n<p><strong>&nbsp;<\/strong>La regla establece que, previo a la presentaci\u00f3n del aviso de cancelaci\u00f3n en el RFC por fusi\u00f3n de sociedades, el Servicio de Administraci\u00f3n Tributaria revisar\u00e1 lo siguiente:<\/p>\n\n\n\n<ul class=\"wp-block-list\"><li>Que la empresa fusionada hubiera presentado su baja en el padr\u00f3n de actividades vulnerables, en caso que realizar\u00e1 actividades vulnerables.<\/li><li>Que la empresa fusionante asuma la titularidad de las obligaciones de la fusionada.<\/li><li>Que la empresa fusionada no est\u00e1 sujeta al ejercicio de facultades de comprobaci\u00f3n, ni tenga cr\u00e9ditos fiscales a su cargo, no se encuentre en los listados de los art\u00edculos 69, 69-B y 69-Bis del C.F.F., que los ingresos declarados, as\u00ed como los impuestos retenidos manifestados en las declaraciones concuerdan con los comprobantes fiscales y las bases de datos que lleva la autoridad.<\/li><\/ul>\n\n\n\n<p>El tr\u00e1mite de revisi\u00f3n deber\u00e1 efectuarse con base en lo dispuesto en la ficha de tr\u00e1mite&nbsp;<strong>316\/CFF \u201cRevisi\u00f3n previa a la presentaci\u00f3n del aviso de cancelaci\u00f3n en el RFC por fusi\u00f3n de sociedades\u201d&nbsp;<\/strong>del Anexo 1-A de la RMF, es importante resaltar que,&nbsp;durante el proceso de revisi\u00f3n, se suspende el plazo para la presentaci\u00f3n del aviso de cancelaci\u00f3n en el RFC por fusi\u00f3n de sociedades, hasta que la autoridad fiscal emita el documento correspondiente, en el cual determine si se cumplen o no los requisitos previstos en la citada ficha de tr\u00e1mite.<\/p>\n\n\n\n<p>Descarga la rese\u00f1a,\u00a0<a href=\"https:\/\/imcp.org.mx\/wp-content\/uploads\/2022\/04\/Boleti%CC%81n-Si%CC%81ndicos_10.pdf\">aqu\u00ed.<\/a><\/p>\n\n\n\n<figure class=\"wp-block-image\"><img decoding=\"async\" src=\"https:\/\/imcp.org.mx\/wp-content\/themes\/IMCP2016\/img\/bgs\/logo_imcp_horizontal.png\" alt=\"IMCP\"\/><\/figure>","protected":false},"excerpt":{"rendered":"<p>6\/Abr\/2022 El pasado 9 de marzo se public\u00f3 en el Diario Oficial de la Federaci\u00f3n, la Segunda Resoluci\u00f3n de Modificaciones a la Resoluci\u00f3n Miscel\u00e1nea Fiscal (RMF) para 2022, en la que se destaca la regla&nbsp;2.5.25. \u201cRevisi\u00f3n de requisitos para la presentaci\u00f3n del aviso de cancelaci\u00f3n en el RFC por fusi\u00f3n de sociedades\u201d. &nbsp;La regla establece [&hellip;]<\/p>","protected":false},"author":2,"featured_media":0,"comment_status":"open","ping_status":"closed","sticky":false,"template":"","format":"standard","meta":{"footnotes":""},"categories":[1],"tags":[],"class_list":["post-1405","post","type-post","status-publish","format-standard","hentry","category-sin-categoria"],"yoast_head":"<!-- This site is optimized with the Yoast SEO plugin v26.5 - https:\/\/yoast.com\/wordpress\/plugins\/seo\/ -->\n<title>Contadores p\u00fablico | \u00a0Duran Silva Samano<\/title>\n<meta name=\"description\" content=\"La especializaci\u00f3n de nuestros directores y colaboradores garantizan el crecimiento y \u00e9xito de nuestra empresa brindando la mejor soluci\u00f3n para cada uno de nuestros clientes\" \/>\n<meta name=\"robots\" content=\"index, follow, max-snippet:-1, max-image-preview:large, max-video-preview:-1\" \/>\n<link rel=\"canonical\" href=\"https:\/\/duransilvasamano.com\/en\/boletin-de-noticias-de-sindicos-2022-10-revision-de-requisitos-para-la-cancelacion-en-el-rfc-por-fusion-de-sociedades\/\" \/>\n<meta property=\"og:locale\" content=\"en_US\" \/>\n<meta property=\"og:type\" content=\"article\" \/>\n<meta property=\"og:title\" content=\"Contadores p\u00fablico | \u00a0Duran Silva Samano\" \/>\n<meta property=\"og:description\" content=\"La especializaci\u00f3n de nuestros directores y colaboradores garantizan el crecimiento y \u00e9xito de nuestra empresa brindando la mejor soluci\u00f3n para cada uno de nuestros clientes\" \/>\n<meta property=\"og:url\" content=\"https:\/\/duransilvasamano.com\/en\/boletin-de-noticias-de-sindicos-2022-10-revision-de-requisitos-para-la-cancelacion-en-el-rfc-por-fusion-de-sociedades\/\" \/>\n<meta property=\"og:site_name\" content=\"Duran Silva Samano\" \/>\n<meta property=\"article:published_time\" content=\"2022-04-06T15:42:16+00:00\" \/>\n<meta property=\"article:modified_time\" content=\"2022-04-06T15:42:20+00:00\" \/>\n<meta property=\"og:image\" content=\"https:\/\/imcp.org.mx\/wp-content\/themes\/IMCP2016\/img\/bgs\/logo_imcp_horizontal.png\" \/>\n<meta name=\"author\" content=\"DuranAdmin\" \/>\n<meta name=\"twitter:card\" content=\"summary_large_image\" \/>\n<meta name=\"twitter:label1\" content=\"Written by\" \/>\n\t<meta name=\"twitter:data1\" content=\"DuranAdmin\" \/>\n\t<meta name=\"twitter:label2\" content=\"Est. reading time\" \/>\n\t<meta name=\"twitter:data2\" content=\"2 minutes\" \/>\n<script type=\"application\/ld+json\" class=\"yoast-schema-graph\">{\"@context\":\"https:\/\/schema.org\",\"@graph\":[{\"@type\":\"Article\",\"@id\":\"https:\/\/duransilvasamano.com\/boletin-de-noticias-de-sindicos-2022-10-revision-de-requisitos-para-la-cancelacion-en-el-rfc-por-fusion-de-sociedades\/#article\",\"isPartOf\":{\"@id\":\"https:\/\/duransilvasamano.com\/boletin-de-noticias-de-sindicos-2022-10-revision-de-requisitos-para-la-cancelacion-en-el-rfc-por-fusion-de-sociedades\/\"},\"author\":{\"name\":\"DuranAdmin\",\"@id\":\"https:\/\/duransilvasamano.com\/#\/schema\/person\/5f510d0c223844992a489653dbf80ea6\"},\"headline\":\"Bolet\u00edn de Noticias de S\u00edndicos 2022 \u2013 10 Revisi\u00f3n de requisitos para la cancelaci\u00f3n en el RFC por fusi\u00f3n de sociedades\",\"datePublished\":\"2022-04-06T15:42:16+00:00\",\"dateModified\":\"2022-04-06T15:42:20+00:00\",\"mainEntityOfPage\":{\"@id\":\"https:\/\/duransilvasamano.com\/boletin-de-noticias-de-sindicos-2022-10-revision-de-requisitos-para-la-cancelacion-en-el-rfc-por-fusion-de-sociedades\/\"},\"wordCount\":327,\"commentCount\":0,\"publisher\":{\"@id\":\"https:\/\/duransilvasamano.com\/#organization\"},\"image\":{\"@id\":\"https:\/\/duransilvasamano.com\/boletin-de-noticias-de-sindicos-2022-10-revision-de-requisitos-para-la-cancelacion-en-el-rfc-por-fusion-de-sociedades\/#primaryimage\"},\"thumbnailUrl\":\"https:\/\/imcp.org.mx\/wp-content\/themes\/IMCP2016\/img\/bgs\/logo_imcp_horizontal.png\",\"articleSection\":[\"Sin categor\u00eda\"],\"inLanguage\":\"en-US\",\"potentialAction\":[{\"@type\":\"CommentAction\",\"name\":\"Comment\",\"target\":[\"https:\/\/duransilvasamano.com\/boletin-de-noticias-de-sindicos-2022-10-revision-de-requisitos-para-la-cancelacion-en-el-rfc-por-fusion-de-sociedades\/#respond\"]}]},{\"@type\":\"WebPage\",\"@id\":\"https:\/\/duransilvasamano.com\/boletin-de-noticias-de-sindicos-2022-10-revision-de-requisitos-para-la-cancelacion-en-el-rfc-por-fusion-de-sociedades\/\",\"url\":\"https:\/\/duransilvasamano.com\/boletin-de-noticias-de-sindicos-2022-10-revision-de-requisitos-para-la-cancelacion-en-el-rfc-por-fusion-de-sociedades\/\",\"name\":\"Contadores p\u00fablico | \u00a0Duran Silva Samano\",\"isPartOf\":{\"@id\":\"https:\/\/duransilvasamano.com\/#website\"},\"primaryImageOfPage\":{\"@id\":\"https:\/\/duransilvasamano.com\/boletin-de-noticias-de-sindicos-2022-10-revision-de-requisitos-para-la-cancelacion-en-el-rfc-por-fusion-de-sociedades\/#primaryimage\"},\"image\":{\"@id\":\"https:\/\/duransilvasamano.com\/boletin-de-noticias-de-sindicos-2022-10-revision-de-requisitos-para-la-cancelacion-en-el-rfc-por-fusion-de-sociedades\/#primaryimage\"},\"thumbnailUrl\":\"https:\/\/imcp.org.mx\/wp-content\/themes\/IMCP2016\/img\/bgs\/logo_imcp_horizontal.png\",\"datePublished\":\"2022-04-06T15:42:16+00:00\",\"dateModified\":\"2022-04-06T15:42:20+00:00\",\"description\":\"La especializaci\u00f3n de nuestros directores y colaboradores garantizan el crecimiento y \u00e9xito de nuestra empresa brindando la mejor soluci\u00f3n para cada uno de nuestros clientes\",\"breadcrumb\":{\"@id\":\"https:\/\/duransilvasamano.com\/boletin-de-noticias-de-sindicos-2022-10-revision-de-requisitos-para-la-cancelacion-en-el-rfc-por-fusion-de-sociedades\/#breadcrumb\"},\"inLanguage\":\"en-US\",\"potentialAction\":[{\"@type\":\"ReadAction\",\"target\":[\"https:\/\/duransilvasamano.com\/boletin-de-noticias-de-sindicos-2022-10-revision-de-requisitos-para-la-cancelacion-en-el-rfc-por-fusion-de-sociedades\/\"]}]},{\"@type\":\"ImageObject\",\"inLanguage\":\"en-US\",\"@id\":\"https:\/\/duransilvasamano.com\/boletin-de-noticias-de-sindicos-2022-10-revision-de-requisitos-para-la-cancelacion-en-el-rfc-por-fusion-de-sociedades\/#primaryimage\",\"url\":\"https:\/\/imcp.org.mx\/wp-content\/themes\/IMCP2016\/img\/bgs\/logo_imcp_horizontal.png\",\"contentUrl\":\"https:\/\/imcp.org.mx\/wp-content\/themes\/IMCP2016\/img\/bgs\/logo_imcp_horizontal.png\"},{\"@type\":\"BreadcrumbList\",\"@id\":\"https:\/\/duransilvasamano.com\/boletin-de-noticias-de-sindicos-2022-10-revision-de-requisitos-para-la-cancelacion-en-el-rfc-por-fusion-de-sociedades\/#breadcrumb\",\"itemListElement\":[{\"@type\":\"ListItem\",\"position\":1,\"name\":\"Inicio\",\"item\":\"https:\/\/duransilvasamano.com\/\"},{\"@type\":\"ListItem\",\"position\":2,\"name\":\"Bolet\u00edn de Noticias de S\u00edndicos 2022 \u2013 10 Revisi\u00f3n de requisitos para la cancelaci\u00f3n en el RFC por fusi\u00f3n de sociedades\"}]},{\"@type\":\"WebSite\",\"@id\":\"https:\/\/duransilvasamano.com\/#website\",\"url\":\"https:\/\/duransilvasamano.com\/\",\"name\":\"Duran Silva Samano\",\"description\":\"Contadores p\u00fablicos\",\"publisher\":{\"@id\":\"https:\/\/duransilvasamano.com\/#organization\"},\"potentialAction\":[{\"@type\":\"SearchAction\",\"target\":{\"@type\":\"EntryPoint\",\"urlTemplate\":\"https:\/\/duransilvasamano.com\/?s={search_term_string}\"},\"query-input\":{\"@type\":\"PropertyValueSpecification\",\"valueRequired\":true,\"valueName\":\"search_term_string\"}}],\"inLanguage\":\"en-US\"},{\"@type\":\"Organization\",\"@id\":\"https:\/\/duransilvasamano.com\/#organization\",\"name\":\"Duran Silva Samano\",\"url\":\"https:\/\/duransilvasamano.com\/\",\"logo\":{\"@type\":\"ImageObject\",\"inLanguage\":\"en-US\",\"@id\":\"https:\/\/duransilvasamano.com\/#\/schema\/logo\/image\/\",\"url\":\"https:\/\/duransilvasamano.com\/wp-content\/uploads\/2022\/02\/cropped-duran-silva-samano-2.png\",\"contentUrl\":\"https:\/\/duransilvasamano.com\/wp-content\/uploads\/2022\/02\/cropped-duran-silva-samano-2.png\",\"width\":197,\"height\":75,\"caption\":\"Duran Silva Samano\"},\"image\":{\"@id\":\"https:\/\/duransilvasamano.com\/#\/schema\/logo\/image\/\"}},{\"@type\":\"Person\",\"@id\":\"https:\/\/duransilvasamano.com\/#\/schema\/person\/5f510d0c223844992a489653dbf80ea6\",\"name\":\"DuranAdmin\",\"url\":\"https:\/\/duransilvasamano.com\/en\/author\/duranadmin\/\"}]}<\/script>\n<!-- \/ Yoast SEO plugin. -->","yoast_head_json":{"title":"Contadores p\u00fablico | \u00a0Duran Silva Samano","description":"La especializaci\u00f3n de nuestros directores y colaboradores garantizan el crecimiento y \u00e9xito de nuestra empresa brindando la mejor soluci\u00f3n para cada uno de nuestros clientes","robots":{"index":"index","follow":"follow","max-snippet":"max-snippet:-1","max-image-preview":"max-image-preview:large","max-video-preview":"max-video-preview:-1"},"canonical":"https:\/\/duransilvasamano.com\/en\/boletin-de-noticias-de-sindicos-2022-10-revision-de-requisitos-para-la-cancelacion-en-el-rfc-por-fusion-de-sociedades\/","og_locale":"en_US","og_type":"article","og_title":"Contadores p\u00fablico | \u00a0Duran Silva Samano","og_description":"La especializaci\u00f3n de nuestros directores y colaboradores garantizan el crecimiento y \u00e9xito de nuestra empresa brindando la mejor soluci\u00f3n para cada uno de nuestros clientes","og_url":"https:\/\/duransilvasamano.com\/en\/boletin-de-noticias-de-sindicos-2022-10-revision-de-requisitos-para-la-cancelacion-en-el-rfc-por-fusion-de-sociedades\/","og_site_name":"Duran Silva Samano","article_published_time":"2022-04-06T15:42:16+00:00","article_modified_time":"2022-04-06T15:42:20+00:00","og_image":[{"url":"https:\/\/imcp.org.mx\/wp-content\/themes\/IMCP2016\/img\/bgs\/logo_imcp_horizontal.png","type":"","width":"","height":""}],"author":"DuranAdmin","twitter_card":"summary_large_image","twitter_misc":{"Written by":"DuranAdmin","Est. reading time":"2 minutes"},"schema":{"@context":"https:\/\/schema.org","@graph":[{"@type":"Article","@id":"https:\/\/duransilvasamano.com\/boletin-de-noticias-de-sindicos-2022-10-revision-de-requisitos-para-la-cancelacion-en-el-rfc-por-fusion-de-sociedades\/#article","isPartOf":{"@id":"https:\/\/duransilvasamano.com\/boletin-de-noticias-de-sindicos-2022-10-revision-de-requisitos-para-la-cancelacion-en-el-rfc-por-fusion-de-sociedades\/"},"author":{"name":"DuranAdmin","@id":"https:\/\/duransilvasamano.com\/#\/schema\/person\/5f510d0c223844992a489653dbf80ea6"},"headline":"Bolet\u00edn de Noticias de S\u00edndicos 2022 \u2013 10 Revisi\u00f3n de requisitos para la cancelaci\u00f3n en el RFC por fusi\u00f3n de sociedades","datePublished":"2022-04-06T15:42:16+00:00","dateModified":"2022-04-06T15:42:20+00:00","mainEntityOfPage":{"@id":"https:\/\/duransilvasamano.com\/boletin-de-noticias-de-sindicos-2022-10-revision-de-requisitos-para-la-cancelacion-en-el-rfc-por-fusion-de-sociedades\/"},"wordCount":327,"commentCount":0,"publisher":{"@id":"https:\/\/duransilvasamano.com\/#organization"},"image":{"@id":"https:\/\/duransilvasamano.com\/boletin-de-noticias-de-sindicos-2022-10-revision-de-requisitos-para-la-cancelacion-en-el-rfc-por-fusion-de-sociedades\/#primaryimage"},"thumbnailUrl":"https:\/\/imcp.org.mx\/wp-content\/themes\/IMCP2016\/img\/bgs\/logo_imcp_horizontal.png","articleSection":["Sin categor\u00eda"],"inLanguage":"en-US","potentialAction":[{"@type":"CommentAction","name":"Comment","target":["https:\/\/duransilvasamano.com\/boletin-de-noticias-de-sindicos-2022-10-revision-de-requisitos-para-la-cancelacion-en-el-rfc-por-fusion-de-sociedades\/#respond"]}]},{"@type":"WebPage","@id":"https:\/\/duransilvasamano.com\/boletin-de-noticias-de-sindicos-2022-10-revision-de-requisitos-para-la-cancelacion-en-el-rfc-por-fusion-de-sociedades\/","url":"https:\/\/duransilvasamano.com\/boletin-de-noticias-de-sindicos-2022-10-revision-de-requisitos-para-la-cancelacion-en-el-rfc-por-fusion-de-sociedades\/","name":"Contadores p\u00fablico | \u00a0Duran Silva Samano","isPartOf":{"@id":"https:\/\/duransilvasamano.com\/#website"},"primaryImageOfPage":{"@id":"https:\/\/duransilvasamano.com\/boletin-de-noticias-de-sindicos-2022-10-revision-de-requisitos-para-la-cancelacion-en-el-rfc-por-fusion-de-sociedades\/#primaryimage"},"image":{"@id":"https:\/\/duransilvasamano.com\/boletin-de-noticias-de-sindicos-2022-10-revision-de-requisitos-para-la-cancelacion-en-el-rfc-por-fusion-de-sociedades\/#primaryimage"},"thumbnailUrl":"https:\/\/imcp.org.mx\/wp-content\/themes\/IMCP2016\/img\/bgs\/logo_imcp_horizontal.png","datePublished":"2022-04-06T15:42:16+00:00","dateModified":"2022-04-06T15:42:20+00:00","description":"La especializaci\u00f3n de nuestros directores y colaboradores garantizan el crecimiento y \u00e9xito de nuestra empresa brindando la mejor soluci\u00f3n para cada uno de nuestros clientes","breadcrumb":{"@id":"https:\/\/duransilvasamano.com\/boletin-de-noticias-de-sindicos-2022-10-revision-de-requisitos-para-la-cancelacion-en-el-rfc-por-fusion-de-sociedades\/#breadcrumb"},"inLanguage":"en-US","potentialAction":[{"@type":"ReadAction","target":["https:\/\/duransilvasamano.com\/boletin-de-noticias-de-sindicos-2022-10-revision-de-requisitos-para-la-cancelacion-en-el-rfc-por-fusion-de-sociedades\/"]}]},{"@type":"ImageObject","inLanguage":"en-US","@id":"https:\/\/duransilvasamano.com\/boletin-de-noticias-de-sindicos-2022-10-revision-de-requisitos-para-la-cancelacion-en-el-rfc-por-fusion-de-sociedades\/#primaryimage","url":"https:\/\/imcp.org.mx\/wp-content\/themes\/IMCP2016\/img\/bgs\/logo_imcp_horizontal.png","contentUrl":"https:\/\/imcp.org.mx\/wp-content\/themes\/IMCP2016\/img\/bgs\/logo_imcp_horizontal.png"},{"@type":"BreadcrumbList","@id":"https:\/\/duransilvasamano.com\/boletin-de-noticias-de-sindicos-2022-10-revision-de-requisitos-para-la-cancelacion-en-el-rfc-por-fusion-de-sociedades\/#breadcrumb","itemListElement":[{"@type":"ListItem","position":1,"name":"Inicio","item":"https:\/\/duransilvasamano.com\/"},{"@type":"ListItem","position":2,"name":"Bolet\u00edn de Noticias de S\u00edndicos 2022 \u2013 10 Revisi\u00f3n de requisitos para la cancelaci\u00f3n en el RFC por fusi\u00f3n de sociedades"}]},{"@type":"WebSite","@id":"https:\/\/duransilvasamano.com\/#website","url":"https:\/\/duransilvasamano.com\/","name":"Duran Silva Samano","description":"Contadores p\u00fablicos","publisher":{"@id":"https:\/\/duransilvasamano.com\/#organization"},"potentialAction":[{"@type":"SearchAction","target":{"@type":"EntryPoint","urlTemplate":"https:\/\/duransilvasamano.com\/?s={search_term_string}"},"query-input":{"@type":"PropertyValueSpecification","valueRequired":true,"valueName":"search_term_string"}}],"inLanguage":"en-US"},{"@type":"Organization","@id":"https:\/\/duransilvasamano.com\/#organization","name":"Duran Silva Samano","url":"https:\/\/duransilvasamano.com\/","logo":{"@type":"ImageObject","inLanguage":"en-US","@id":"https:\/\/duransilvasamano.com\/#\/schema\/logo\/image\/","url":"https:\/\/duransilvasamano.com\/wp-content\/uploads\/2022\/02\/cropped-duran-silva-samano-2.png","contentUrl":"https:\/\/duransilvasamano.com\/wp-content\/uploads\/2022\/02\/cropped-duran-silva-samano-2.png","width":197,"height":75,"caption":"Duran Silva Samano"},"image":{"@id":"https:\/\/duransilvasamano.com\/#\/schema\/logo\/image\/"}},{"@type":"Person","@id":"https:\/\/duransilvasamano.com\/#\/schema\/person\/5f510d0c223844992a489653dbf80ea6","name":"DuranAdmin","url":"https:\/\/duransilvasamano.com\/en\/author\/duranadmin\/"}]}},"_links":{"self":[{"href":"https:\/\/duransilvasamano.com\/en\/wp-json\/wp\/v2\/posts\/1405","targetHints":{"allow":["GET"]}}],"collection":[{"href":"https:\/\/duransilvasamano.com\/en\/wp-json\/wp\/v2\/posts"}],"about":[{"href":"https:\/\/duransilvasamano.com\/en\/wp-json\/wp\/v2\/types\/post"}],"author":[{"embeddable":true,"href":"https:\/\/duransilvasamano.com\/en\/wp-json\/wp\/v2\/users\/2"}],"replies":[{"embeddable":true,"href":"https:\/\/duransilvasamano.com\/en\/wp-json\/wp\/v2\/comments?post=1405"}],"version-history":[{"count":1,"href":"https:\/\/duransilvasamano.com\/en\/wp-json\/wp\/v2\/posts\/1405\/revisions"}],"predecessor-version":[{"id":1406,"href":"https:\/\/duransilvasamano.com\/en\/wp-json\/wp\/v2\/posts\/1405\/revisions\/1406"}],"wp:attachment":[{"href":"https:\/\/duransilvasamano.com\/en\/wp-json\/wp\/v2\/media?parent=1405"}],"wp:term":[{"taxonomy":"category","embeddable":true,"href":"https:\/\/duransilvasamano.com\/en\/wp-json\/wp\/v2\/categories?post=1405"},{"taxonomy":"post_tag","embeddable":true,"href":"https:\/\/duransilvasamano.com\/en\/wp-json\/wp\/v2\/tags?post=1405"}],"curies":[{"name":"wp","href":"https:\/\/api.w.org\/{rel}","templated":true}]}}